{"id":243222,"date":"2023-12-07T16:50:10","date_gmt":"2023-12-07T15:50:10","guid":{"rendered":"https:\/\/www.cronacaonline.it\/?p=243222"},"modified":"2023-12-07T16:50:17","modified_gmt":"2023-12-07T15:50:17","slug":"borse-di-studio-il-cda-ersu-ordina-il-pagamento-immediato-della-prima-rata-a-tutti-gli-idonei-reset-subito-i-soldi-agli-studenti","status":"publish","type":"post","link":"https:\/\/www.cronacaonline.it\/index.php\/2023\/12\/07\/borse-di-studio-il-cda-ersu-ordina-il-pagamento-immediato-della-prima-rata-a-tutti-gli-idonei-reset-subito-i-soldi-agli-studenti\/","title":{"rendered":"Borse di studio, il Cda Ersu ordina il pagamento immediato della prima rata a tutti gli idonei. Reset: \u201csubito i soldi agli studenti\u201d."},"content":{"rendered":"\n<p>Cagliari, 7 Dic 2023 - Il Consiglio di Amministrazione dell\u2019Ersu di Cagliari ha votato l\u2019ordine del giorno sul pagamento delle di borse di studio per tutti gli universitari idonei nelle graduatorie 2023\/2024. L\u2019Odg, primo firmatario Francesco Stochino, rappresentante degli studenti nel CdA Ersu, \u00e8 stato approvato nonostante il parere contrario di legittimit\u00e0 e compatibilit\u00e0 tecnica alla delibera del direttore generale.<\/p>\n\n\n\n<p>\u201cHo ritenuto doveroso presentare l\u2019ordine del giorno perch\u00e9 la tutela dei diritti degli studenti universitari deve essere sempre una priorit\u00e0 di questo Ente \u2013 il commento di Francesco Stochino \u2013. Sono contento che la delibera sia passata nonostante la non unanimit\u00e0 del CdA e il parere contrario di legittimit\u00e0 e compatibilit\u00e0 tecnica alla delibera del direttore generale. Questo \u00e8 un segno che la politica pu\u00f2 governare la burocrazia. Adesso \u2013 precisa Stochino \u2013 saremo controllori dell\u2019esecuzione di quanto il CdA ha stabilito\u201d.<\/p>\n\n\n\n<p>Alessandro Mocci, coordinatore dell\u2019associazione studentesca Reset, ha aggiunto: \u201cIl CdA dell\u2019Ersu ha approvato solo ora la delibera per la copertura totale degli idonei nelle graduatorie, Bisogna procedere con immediatezza allo scorrimento delle graduatorie, rendendo tutti gli idonei beneficiari, e al pagamento della prima rata di tutte le borse entro il 31 dicembre, come stabilito dalle leggi e ordinato oggi dal Cda. \u00c8 scandaloso \u2013 prosegue il coordinatore di Reset \u2013 che un\u2019amministrazione si metta contro una volont\u00e0 politica. Non \u00e8 accettabile che una giunta regionale che si adopera per risolvere problemi come quelli inerenti allo stadio (50 milioni!) non muova un dito per risolvere il problema di migliaia di studenti non beneficiari nelle graduatorie, nonostante la certezza delle risorse disponibili per pagare tutti gli aventi diritto\u201d. Com<\/p>\n","protected":false},"excerpt":{"rendered":"<p>Cagliari, 7 Dic 2023 &#8211; Il Consiglio di Amministrazione dell\u2019Ersu di Cagliari ha votato l\u2019ordine del giorno sul pagamento delle di borse di studio per&#8230;<\/p>\n","protected":false},"author":2,"featured_media":243223,"comment_status":"closed","ping_status":"open","sticky":false,"template":"","format":"standard","meta":[],"categories":[49,52],"tags":[],"_links":{"self":[{"href":"https:\/\/www.cronacaonline.it\/index.php\/wp-json\/wp\/v2\/posts\/243222"}],"collection":[{"href":"https:\/\/www.cronacaonline.it\/index.php\/wp-json\/wp\/v2\/posts"}],"about":[{"href":"https:\/\/www.cronacaonline.it\/index.php\/wp-json\/wp\/v2\/types\/post"}],"author":[{"embeddable":true,"href":"https:\/\/www.cronacaonline.it\/index.php\/wp-json\/wp\/v2\/users\/2"}],"replies":[{"embeddable":true,"href":"https:\/\/www.cronacaonline.it\/index.php\/wp-json\/wp\/v2\/comments?post=243222"}],"version-history":[{"count":1,"href":"https:\/\/www.cronacaonline.it\/index.php\/wp-json\/wp\/v2\/posts\/243222\/revisions"}],"predecessor-version":[{"id":243224,"href":"https:\/\/www.cronacaonline.it\/index.php\/wp-json\/wp\/v2\/posts\/243222\/revisions\/243224"}],"wp:featuredmedia":[{"embeddable":true,"href":"https:\/\/www.cronacaonline.it\/index.php\/wp-json\/wp\/v2\/media\/243223"}],"wp:attachment":[{"href":"https:\/\/www.cronacaonline.it\/index.php\/wp-json\/wp\/v2\/media?parent=243222"}],"wp:term":[{"taxonomy":"category","embeddable":true,"href":"https:\/\/www.cronacaonline.it\/index.php\/wp-json\/wp\/v2\/categories?post=243222"},{"taxonomy":"post_tag","embeddable":true,"href":"https:\/\/www.cronacaonline.it\/index.php\/wp-json\/wp\/v2\/tags?post=243222"}],"curies":[{"name":"wp","href":"https:\/\/api.w.org\/{rel}","templated":true}]}}