{"id":243212,"date":"2023-12-07T14:52:37","date_gmt":"2023-12-07T13:52:37","guid":{"rendered":"https:\/\/www.cronacaonline.it\/?p=243212"},"modified":"2023-12-07T14:52:40","modified_gmt":"2023-12-07T13:52:40","slug":"bauladu-inaugurazione-monumento-ai-caduti-lassessore-farris-omaggiamo-i-caduti-di-tutte-le-guerre","status":"publish","type":"post","link":"https:\/\/www.cronacaonline.it\/index.php\/2023\/12\/07\/bauladu-inaugurazione-monumento-ai-caduti-lassessore-farris-omaggiamo-i-caduti-di-tutte-le-guerre\/","title":{"rendered":"Bauladu, inaugurazione monumento ai caduti. L\u2019assessore Farris: \u201comaggiamo i caduti di tutte le guerre."},"content":{"rendered":"\n<p>Cagliari, 7 Dic 2023\u00a0\u2013 \u201cA nome del Presidente della Regione, ringrazio il Sindaco di Bauladu, l\u2019amministrazione comunale, le autorit\u00e0 civili e religiose e tutti i cittadini oggi presenti per il coinvolgimento in questa cerimonia, lodevolmente voluta dall\u2019amministrazione comunale, per celebrare l\u2019inaugurazione del nuovo monumento ai caduti, che vuole certamente essere il pi\u00f9 affettuoso e partecipato omaggio che la Comunit\u00e0 di Bauladu intende rivolgere ai propri concittadini, e pi\u00f9 in generale\u00a0\u00a0a tutti i caduti, che nelle guerre hanno sacrificato il bene supremo della vita in difesa della Patria\u201d.<\/p>\n\n\n\n<p>Lo ha detto l\u2019assessore degli Affari Generali, Andreina Farris, che questa mattina \u00e8 intervenuta in rappresentanza del Presidente all\u2019inaugurazione del nuovo monumento ai caduti a Bauladu, alla presenza del Prefetto di Oristano Salvatore Angieri e dei Sindaci del territorio.<\/p>\n\n\n\n<p>\u201cQuello odierno\u201d ha proseguito l\u2019esponente della Giunta \u201c\u00e8 un momento significativo, di ricordo della memoria di questi cari figli i quali, chiamati alle armi, varcarono i confini dell\u2019Isola per difendere una Patria e una terra ai pi\u00f9 sconosciuta. Sardi che, proprio nel vivere il dramma quotidiano della guerra, scoprirono il senso di appartenenza identitaria ad una antica comunit\u00e0 che in questa occasione rinsald\u00f2 i gi\u00e0 forti legami riscoprendo di essere popolo con propria storia, cultura, usi, costumi e tradizioni\u201d.<\/p>\n\n\n\n<p>\u201c\u00c8 un sentimento speciale quello che lega i sardi alla loro isola. Un\u2019affinit\u00e0 morale e spirituale che proprio in occasione della guerra esalt\u00f2 i valori pi\u00f9 alti e nobili della propria coscienza identitaria. Valori sublimati fulgidamente nelle eroiche gesta della nostra amatissima Brigata Sassari\u201d.<\/p>\n\n\n\n<p>\u201cMa questo monumento \u2013 ha precisato l\u2019assessore Farris \u2013 pu\u00f2 e deve essere anche un doveroso omaggio a tutte le famiglie che persero i loro cari nella tragedia bellica. Celebriamo quindi questa opera dedicata ai caduti con l\u2019animo grato per i nostri eroici soldati. Un gesto che vuole riportare luce nella memoria collettiva e in particolare indicare alle giovani generazioni gli esempi virtuosi sui quali abbiamo costruito l\u2019architrave che regge la nostra societ\u00e0 attuale. Societ\u00e0 che vogliamo sempre libera, democratica e rispettosa dei valori della fratellanza e solidariet\u00e0 con tutti i popoli del mondo\u201d.<\/p>\n\n\n\n<p>\u201c\u00c8 proprio grazie al sacrificio dei caduti che oggi conosciamo la libert\u00e0, valore caposaldo dell\u2019Unione Europea. Le attuali situazioni di conflitto \u2013 ha sottolineato, l\u2019assessore Farris \u2013 ci insegnano che purtroppo nulla \u00e8 imperituro e che la difesa delle nostre libere istituzioni democratiche non deve conoscere mai sosta ma sempre lavorare per la pace e per la libert\u00e0, valori universali da difendere e tutelare nelle piccole come nelle grandi azioni quotidiane\u201d.<\/p>\n\n\n\n<p>Presente anche l\u2019assessore dell\u2019Industria, Anita Pili, che a margine della cerimonia ha detto: \u201cOggi celebriamo un\u2019occasione per mantenere viva nella comunit\u00e0 la memoria del grande sacrificio umano che la Sardegna ha dato nel corso delle guerre. E soprattutto per ricordarci che esiste sempre un buon motivo per trovare un accordo e fare del bene\u201d. Com<\/p>\n","protected":false},"excerpt":{"rendered":"<p>Cagliari, 7 Dic 2023\u00a0\u2013 \u201cA nome del Presidente della Regione, ringrazio il Sindaco di Bauladu, l\u2019amministrazione comunale, le autorit\u00e0 civili e religiose e tutti i&#8230;<\/p>\n","protected":false},"author":2,"featured_media":243213,"comment_status":"closed","ping_status":"open","sticky":false,"template":"","format":"standard","meta":[],"categories":[49,52],"tags":[],"_links":{"self":[{"href":"https:\/\/www.cronacaonline.it\/index.php\/wp-json\/wp\/v2\/posts\/243212"}],"collection":[{"href":"https:\/\/www.cronacaonline.it\/index.php\/wp-json\/wp\/v2\/posts"}],"about":[{"href":"https:\/\/www.cronacaonline.it\/index.php\/wp-json\/wp\/v2\/types\/post"}],"author":[{"embeddable":true,"href":"https:\/\/www.cronacaonline.it\/index.php\/wp-json\/wp\/v2\/users\/2"}],"replies":[{"embeddable":true,"href":"https:\/\/www.cronacaonline.it\/index.php\/wp-json\/wp\/v2\/comments?post=243212"}],"version-history":[{"count":1,"href":"https:\/\/www.cronacaonline.it\/index.php\/wp-json\/wp\/v2\/posts\/243212\/revisions"}],"predecessor-version":[{"id":243214,"href":"https:\/\/www.cronacaonline.it\/index.php\/wp-json\/wp\/v2\/posts\/243212\/revisions\/243214"}],"wp:featuredmedia":[{"embeddable":true,"href":"https:\/\/www.cronacaonline.it\/index.php\/wp-json\/wp\/v2\/media\/243213"}],"wp:attachment":[{"href":"https:\/\/www.cronacaonline.it\/index.php\/wp-json\/wp\/v2\/media?parent=243212"}],"wp:term":[{"taxonomy":"category","embeddable":true,"href":"https:\/\/www.cronacaonline.it\/index.php\/wp-json\/wp\/v2\/categories?post=243212"},{"taxonomy":"post_tag","embeddable":true,"href":"https:\/\/www.cronacaonline.it\/index.php\/wp-json\/wp\/v2\/tags?post=243212"}],"curies":[{"name":"wp","href":"https:\/\/api.w.org\/{rel}","templated":true}]}}