{"id":243137,"date":"2023-12-05T14:21:11","date_gmt":"2023-12-05T13:21:11","guid":{"rendered":"https:\/\/www.cronacaonline.it\/?p=243137"},"modified":"2023-12-05T14:21:14","modified_gmt":"2023-12-05T13:21:14","slug":"trenino-verde-con-la-firma-dei-sindaci-nasce-la-fondazione-lassessore-moro-una-giornata-storica-per-una-grande-risorsa-turistica-e-culturale-della-sardegna-veicolo-della-nostra-i","status":"publish","type":"post","link":"https:\/\/www.cronacaonline.it\/index.php\/2023\/12\/05\/trenino-verde-con-la-firma-dei-sindaci-nasce-la-fondazione-lassessore-moro-una-giornata-storica-per-una-grande-risorsa-turistica-e-culturale-della-sardegna-veicolo-della-nostra-i\/","title":{"rendered":"Trenino verde, con la firma dei sindaci nasce la fondazione. L\u2019assessore Moro: \u201cuna giornata storica per una grande risorsa turistica e culturale della Sardegna, veicolo della nostra identit\u00e0\u201d."},"content":{"rendered":"\n<p>Sassari, 5 Dic 2023 \u2013\u00a0Con il s\u00ec dei sindaci\u00a0nasce la \u201cFondazione\u00a0Trenino verde storico della Sardegna\u201d. L\u2019adesione \u00e8 stata formalizzata oggi a Sassari, nell\u2019Aula Magna dell\u2019Universit\u00e0, nel corso del convegno \u201cIl treno ad altra velocit\u00e0\u201d, con la firma dell\u2019atto costitutivo della Fondazione da parte dei sindaci dei primi 43 Comuni \u2013 sul totale di 58 interessati dal tracciato, tre Comuni stanno perfezionando l\u2019adesione e la faranno successivamente \u2013 che entrano nella Fondazione in qualit\u00e0 di soci fondatori con Regione Sardegna e Arst. All\u2019incontro hanno partecipato l\u2019assessore regionale dei Trasporti, Antonio Moro, e i vertici dell\u2019Arst, l\u2019amministratore unico Roberto Neroni e il direttore centrale Carlo Poledrini.<\/p>\n\n\n\n<p>\u201cOggi \u00e8 una giornata storica\u201d, ha detto l\u2019assessore Moro. \u201cFirmiamo l\u2019atto costitutivo della Fondazione per rilanciare questa straordinaria risorsa dell\u2019intera Isola, un simbolo e un veicolo della nostra identit\u00e0, e per valorizzare i nostri territori, soprattutto quelli dell\u2019interno, che hanno maggiore bisogno di sostegno e di aiuti da parte della Regione\u201d.&nbsp;Per sostenere il progetto, ha spiegato l\u2019esponente della Giunta sarda, \u201cci sono le risorse gi\u00e0 stanziate e ci sono i lavori sulla rete ferroviaria pi\u00f9 antica d'Europa, pi\u00f9 importante d'Europa. \u00c8 un patrimonio che doveva trovare un meccanismo di gestione efficiente che garantisse ai Comuni e ai territori di essere protagonisti e regalasse alla Sardegna un ulteriore strumento per favorire la crescita turistica e il suo sviluppo economico\u201d.<\/p>\n\n\n\n<p>La Fondazione \u2013 come prevede la&nbsp;delibera della Giunta regionale&nbsp;del 17 novembre 2023, in attuazione dell\u2019articolo 138 della legge regionale 9 del 23 ottobre 2023 \u2013 ha come organi il presidente (nel corso dell\u2019ultima seduta la Giunta ha nominato il commercialista Elso Rei),&nbsp;la giunta esecutiva (composta dal presidente, da due componenti scelti dall\u2019assemblea di partecipazione tra quattro rappresentati delle tratte ferroviarie individuati dai Comuni territorialmente competenti e due componenti nominati dall\u2019Arst),&nbsp;l\u2019assemblea di partecipazione (composta dai membri fondatori) e il revisore dei conti. Possono ottenere la qualifica di \u201cpartecipanti\u201d, senza diritto di voto in assemblea, le persone fisiche e giuridiche, pubbliche e private, gli enti e le associazioni che contribuiscono agli scopi della fondazione.<\/p>\n\n\n\n<p>Hanno gi\u00e0 annunciato la loro adesione Fai Sardegna, Universit\u00e0 di Sassari, Provincia di Sassari, Fondazione Maria Carta, Consorzio Costa Smeralda, Fasi, la federazione degli emigrati sardi, Fondazione Mont\u2019e Prama e&nbsp;Associazione&nbsp;Enti locali per le attivit\u00e0 culturali e di spettacolo.<\/p>\n\n\n\n<p>Ecco l\u2019elenco dei 43 Comuni fondatori:&nbsp;Aritzo, Arzana, Belv\u00ec, Bortigiadas, Bosa, Calangianus, Chiaramonti, Elini, Flussio, Gairo, Girasole, Ilbono, Isili, Jerzu, Laconi, Laerru, Lanusei, Luras, Macomer, Magomadas, Mandas, Martis, Meana Sardo, Modolo, Nulvi, Nurallao, Osilo, Osini, Perfugas, Ploaghe, Sadali, Sassari, Seui, Sorgono, Suni, Tempio Pausania, Tinnura, Tonara, Tortol\u00ec, Tresnuraghes, Ulassai, Ussassai, Villagrande Strisaili. I tre Comuni che aderiranno nei prossimi giorni sono Desulo, Sant\u2019Antonio di Gallura e Serri.<\/p>\n\n\n\n<p>Al convegno sono intervenuti anche il rettore&nbsp;Gavino Mariotti,&nbsp;il sindaco di Sassari Gian Vittorio Campus, il commissario straordinario della Provincia di Sassari, Pietro Fois,&nbsp;il presidente del Consiglio regionale, Michele Pais,&nbsp;Giovanni Pruneddu, docente di Diritto della navigazione e del turismo dell\u2019Universit\u00e0 di Sassari,&nbsp;e la direttrice del mensile \u201cDove\u201d (Rcs-Corriere della Sera), Simona Tedesco. Com<\/p>\n","protected":false},"excerpt":{"rendered":"<p>Sassari, 5 Dic 2023 \u2013\u00a0Con il s\u00ec dei sindaci\u00a0nasce la \u201cFondazione\u00a0Trenino verde storico della Sardegna\u201d. L\u2019adesione \u00e8 stata formalizzata oggi a Sassari, nell\u2019Aula Magna dell\u2019Universit\u00e0,&#8230;<\/p>\n","protected":false},"author":2,"featured_media":243138,"comment_status":"closed","ping_status":"open","sticky":false,"template":"","format":"standard","meta":[],"categories":[49,52],"tags":[],"_links":{"self":[{"href":"https:\/\/www.cronacaonline.it\/index.php\/wp-json\/wp\/v2\/posts\/243137"}],"collection":[{"href":"https:\/\/www.cronacaonline.it\/index.php\/wp-json\/wp\/v2\/posts"}],"about":[{"href":"https:\/\/www.cronacaonline.it\/index.php\/wp-json\/wp\/v2\/types\/post"}],"author":[{"embeddable":true,"href":"https:\/\/www.cronacaonline.it\/index.php\/wp-json\/wp\/v2\/users\/2"}],"replies":[{"embeddable":true,"href":"https:\/\/www.cronacaonline.it\/index.php\/wp-json\/wp\/v2\/comments?post=243137"}],"version-history":[{"count":1,"href":"https:\/\/www.cronacaonline.it\/index.php\/wp-json\/wp\/v2\/posts\/243137\/revisions"}],"predecessor-version":[{"id":243139,"href":"https:\/\/www.cronacaonline.it\/index.php\/wp-json\/wp\/v2\/posts\/243137\/revisions\/243139"}],"wp:featuredmedia":[{"embeddable":true,"href":"https:\/\/www.cronacaonline.it\/index.php\/wp-json\/wp\/v2\/media\/243138"}],"wp:attachment":[{"href":"https:\/\/www.cronacaonline.it\/index.php\/wp-json\/wp\/v2\/media?parent=243137"}],"wp:term":[{"taxonomy":"category","embeddable":true,"href":"https:\/\/www.cronacaonline.it\/index.php\/wp-json\/wp\/v2\/categories?post=243137"},{"taxonomy":"post_tag","embeddable":true,"href":"https:\/\/www.cronacaonline.it\/index.php\/wp-json\/wp\/v2\/tags?post=243137"}],"curies":[{"name":"wp","href":"https:\/\/api.w.org\/{rel}","templated":true}]}}