{"id":243135,"date":"2023-12-05T14:17:51","date_gmt":"2023-12-05T13:17:51","guid":{"rendered":"https:\/\/www.cronacaonline.it\/?p=243135"},"modified":"2023-12-05T14:17:54","modified_gmt":"2023-12-05T13:17:54","slug":"comunita-energetiche-dalla-variazione-di-bilancio-10-milioni-in-piu-ai-comuni-il-presidente-sardegna-e-lassessore-pili-con-questa-misura-tutti-i-comuni-dellisola-potranno","status":"publish","type":"post","link":"https:\/\/www.cronacaonline.it\/index.php\/2023\/12\/05\/comunita-energetiche-dalla-variazione-di-bilancio-10-milioni-in-piu-ai-comuni-il-presidente-sardegna-e-lassessore-pili-con-questa-misura-tutti-i-comuni-dellisola-potranno\/","title":{"rendered":"Comunit\u00e0 energetiche, dalla variazione di bilancio 10 milioni in pi\u00f9 ai comuni. Il presidente Sardegna e l\u2019assessore Pili: \u201ccon questa misura tutti i comuni dell\u2019Isola potranno dotarsi di energia autoprodotta\u201d."},"content":{"rendered":"\n<p>Cagliari, 5 Dic 2023\u00a0- 10 milioni di euro aggiuntivi da destinare ai comuni per l\u2019avviamento di ulteriori Comunit\u00e0 Energetiche Rinnovabili (CER) in Sardegna. La misura \u00e8 il frutto di un emendamento all\u2019ultima variazione di bilancio e consentir\u00e0 a tutti quei comuni della Sardegna finora esclusi dai precedenti finanziamenti di presentare i progetti per la costituzione delle proprie comunit\u00e0 energetiche.<\/p>\n\n\n\n<p>\u201cProsegue il nostro impegno sulla strada della transizione energetica \u2013 afferma il Presidente della Regione, Christian Solinas. Con la misura approvata nella recente variazione di bilancio portiamo a compimento il lavoro a favore della costituzione delle comunit\u00e0 energetiche nell\u2019Isola: tutti i comuni potranno finalmente dotarsi di energia autoprodotta. Una misura che, oltre ad essere vantaggiosa dal punto di vista economico, energetico e della sostenibilit\u00e0 ambientale, \u00e8 importante in quanto mette in primo piano i cittadini che diventano sempre pi\u00f9 consapevolmente parte attiva di questo passaggio imprescindibile per il nostro futuro\u201d.&nbsp;<\/p>\n\n\n\n<p>Le comunit\u00e0 energetiche costituiscono infatti lo strumento indispensabile per permettere ai comuni di produrre autonomamente energia da fonti rinnovabili, e metterla a disposizione del proprio territorio, delle attivit\u00e0 produttive e dei cittadini. Con la Legge sull\u2019energia approvata a ottobre 2022 dal Consiglio regionale, la Regione aveva messo a disposizione del progetto 4 milioni di euro (2 per il 2023 e 2 per il 2024) ad integrare le risorse del PNRR: si \u00e8 trattato nello specifico di una dotazione di 15mila euro a ciascun comune della Sardegna non dotato della rete del gas, spendibili per la realizzazione dello studio di fattibilit\u00e0 dei progetti di CER.<\/p>\n\n\n\n<p>Con la finanziaria 2023 a febbraio erano stati invece stanziati 70 milioni per il \u201cpacchetto efficientamento energetico\u201d, suddivisi in 30 milioni alle imprese e 40 alle famiglie.&nbsp;Con l\u2019ultima misura quindi si va a completare, ancora con risorse regionali, il lavoro costruito in questi anni, attribuendo le risorse a tutti quei comuni che fino a questo momento erano stati esclusi.&nbsp;<\/p>\n\n\n\n<p>\u201cQuesti 10 milioni incrementano le risorse destinate alle energie rinnovabili, andando a completare il finanziamento per tutti i comuni della Sardegna\u201d spiega l\u2019assessore dell\u2019Industria, Anita Pili. \u201cNella prima fase erano oltre duecento, oggi finalmente tutti i comuni potranno avere le risorse per costituire pi\u00f9 agevolmente le comunit\u00e0 energetiche nei propri territori ed essere cos\u00ec veri protagonisti della transizione verde. Si tratta di un\u2019azione che si aggiunge ai progetti pilota gi\u00e0 in fase di realizzazione in diversi comuni della Sardegna e alle misure per le imprese e per le famiglie, per cui a breve saranno trasferite le risorse ai comuni\u201d.&nbsp;Com<\/p>\n","protected":false},"excerpt":{"rendered":"<p>Cagliari, 5 Dic 2023\u00a0&#8211; 10 milioni di euro aggiuntivi da destinare ai comuni per l\u2019avviamento di ulteriori Comunit\u00e0 Energetiche Rinnovabili (CER) in Sardegna. La misura&#8230;<\/p>\n","protected":false},"author":2,"featured_media":236937,"comment_status":"closed","ping_status":"open","sticky":false,"template":"","format":"standard","meta":[],"categories":[49,52],"tags":[],"_links":{"self":[{"href":"https:\/\/www.cronacaonline.it\/index.php\/wp-json\/wp\/v2\/posts\/243135"}],"collection":[{"href":"https:\/\/www.cronacaonline.it\/index.php\/wp-json\/wp\/v2\/posts"}],"about":[{"href":"https:\/\/www.cronacaonline.it\/index.php\/wp-json\/wp\/v2\/types\/post"}],"author":[{"embeddable":true,"href":"https:\/\/www.cronacaonline.it\/index.php\/wp-json\/wp\/v2\/users\/2"}],"replies":[{"embeddable":true,"href":"https:\/\/www.cronacaonline.it\/index.php\/wp-json\/wp\/v2\/comments?post=243135"}],"version-history":[{"count":1,"href":"https:\/\/www.cronacaonline.it\/index.php\/wp-json\/wp\/v2\/posts\/243135\/revisions"}],"predecessor-version":[{"id":243136,"href":"https:\/\/www.cronacaonline.it\/index.php\/wp-json\/wp\/v2\/posts\/243135\/revisions\/243136"}],"wp:featuredmedia":[{"embeddable":true,"href":"https:\/\/www.cronacaonline.it\/index.php\/wp-json\/wp\/v2\/media\/236937"}],"wp:attachment":[{"href":"https:\/\/www.cronacaonline.it\/index.php\/wp-json\/wp\/v2\/media?parent=243135"}],"wp:term":[{"taxonomy":"category","embeddable":true,"href":"https:\/\/www.cronacaonline.it\/index.php\/wp-json\/wp\/v2\/categories?post=243135"},{"taxonomy":"post_tag","embeddable":true,"href":"https:\/\/www.cronacaonline.it\/index.php\/wp-json\/wp\/v2\/tags?post=243135"}],"curies":[{"name":"wp","href":"https:\/\/api.w.org\/{rel}","templated":true}]}}