{"id":243089,"date":"2023-12-04T14:26:24","date_gmt":"2023-12-04T13:26:24","guid":{"rendered":"https:\/\/www.cronacaonline.it\/?p=243089"},"modified":"2023-12-04T14:26:28","modified_gmt":"2023-12-04T13:26:28","slug":"santa-barbara-il-presidente-sardegna-sulcis-iglesiente-culla-della-tradizione-mineraria-e-realta-importante-per-il-tessuto-economico-isolano","status":"publish","type":"post","link":"https:\/\/www.cronacaonline.it\/index.php\/2023\/12\/04\/santa-barbara-il-presidente-sardegna-sulcis-iglesiente-culla-della-tradizione-mineraria-e-realta-importante-per-il-tessuto-economico-isolano\/","title":{"rendered":"Santa barbara, il presidente Sardegna: \u201cSulcis iglesiente culla della tradizione mineraria e realt\u00e0 importante per il tessuto economico isolano\u201d."},"content":{"rendered":"\n<p>Cagliari, 4 Dic 2023\u00a0\u2013 \u201cRicordiamo l\u2019opera di Santa Barbara, martire cristiana e patrona dei minatori, in una delle citt\u00e0 simbolo dell\u2019attivit\u00e0 mineraria in Sardegna. Iglesias e tutto il Sulcis sono state storicamente e sono ancora oggi realt\u00e0 importanti per il tessuto economico regionale, sapendo reinventarsi e prestare i propri territori alle mutate esigenze industriali nel corso dei decenni. Questa Giunta sostiene senza mezzi termini il ricco patrimonio storico e culturale della zona e i suoi lavoratori\u201d. Cos\u00ec il Presidente Solinas in occasione della ricorrenza.\u00a0<\/p>\n\n\n\n<p>In rappresentanza del Presidente, l\u2019assessore dell\u2019Industria, Anita Pili, si \u00e8 recata questa mattina a Iglesias per prendere parte alle celebrazioni. \u201cInsieme ai lavoratori del Sulcis per celebrare Santa Barbara: un momento in cui tenere vivo il ricordo della sua capacit\u00e0 di affrontare il pericolo con fede, coraggio e serenit\u00e0 anche quando non c'\u00e8 alcuna via di scampo\u201d.<\/p>\n\n\n\n<p>\u201cConosciamo bene la realt\u00e0 del Sulcis Iglesiente \u2013 ha aggiunto l\u2019assessore dell\u2019Industria \u2013 con le sue problematiche ma anche con le sue ricchezze. \u00c8 obiettivo costante del mio assessorato e di questa Giunta fare tutto il possibile per preservare il ruolo di questo territorio nell\u2019economia isolana e di conseguenza la serenit\u00e0 dei suoi abitanti, il tutto nel rispetto del patrimonio paesaggistico\u201d.&nbsp;<\/p>\n\n\n\n<p>\u201cRingrazio il comitato delle lavoratrici e dei lavoratori Igea, l\u2019associazione E. Ferraris, il Sindaco Mauro Usai, l\u2019amministrazione comunale di Iglesias e il parroco per l\u2019accoglienza\u201d, ha concluso l\u2019assessore, che dopo le celebrazioni, accompagnata anche da una rappresentanza del servizio attivit\u00e0 estrattive dell\u2019assessorato dell\u2019industria, ha fatto visita alla miniera di Monteponi e al palazzo Bellavista. Com<\/p>\n","protected":false},"excerpt":{"rendered":"<p>Cagliari, 4 Dic 2023\u00a0\u2013 \u201cRicordiamo l\u2019opera di Santa Barbara, martire cristiana e patrona dei minatori, in una delle citt\u00e0 simbolo dell\u2019attivit\u00e0 mineraria in Sardegna. Iglesias&#8230;<\/p>\n","protected":false},"author":2,"featured_media":243090,"comment_status":"closed","ping_status":"open","sticky":false,"template":"","format":"standard","meta":[],"categories":[49,52],"tags":[],"_links":{"self":[{"href":"https:\/\/www.cronacaonline.it\/index.php\/wp-json\/wp\/v2\/posts\/243089"}],"collection":[{"href":"https:\/\/www.cronacaonline.it\/index.php\/wp-json\/wp\/v2\/posts"}],"about":[{"href":"https:\/\/www.cronacaonline.it\/index.php\/wp-json\/wp\/v2\/types\/post"}],"author":[{"embeddable":true,"href":"https:\/\/www.cronacaonline.it\/index.php\/wp-json\/wp\/v2\/users\/2"}],"replies":[{"embeddable":true,"href":"https:\/\/www.cronacaonline.it\/index.php\/wp-json\/wp\/v2\/comments?post=243089"}],"version-history":[{"count":1,"href":"https:\/\/www.cronacaonline.it\/index.php\/wp-json\/wp\/v2\/posts\/243089\/revisions"}],"predecessor-version":[{"id":243091,"href":"https:\/\/www.cronacaonline.it\/index.php\/wp-json\/wp\/v2\/posts\/243089\/revisions\/243091"}],"wp:featuredmedia":[{"embeddable":true,"href":"https:\/\/www.cronacaonline.it\/index.php\/wp-json\/wp\/v2\/media\/243090"}],"wp:attachment":[{"href":"https:\/\/www.cronacaonline.it\/index.php\/wp-json\/wp\/v2\/media?parent=243089"}],"wp:term":[{"taxonomy":"category","embeddable":true,"href":"https:\/\/www.cronacaonline.it\/index.php\/wp-json\/wp\/v2\/categories?post=243089"},{"taxonomy":"post_tag","embeddable":true,"href":"https:\/\/www.cronacaonline.it\/index.php\/wp-json\/wp\/v2\/tags?post=243089"}],"curies":[{"name":"wp","href":"https:\/\/api.w.org\/{rel}","templated":true}]}}