{"id":242994,"date":"2023-11-30T15:16:55","date_gmt":"2023-11-30T14:16:55","guid":{"rendered":"https:\/\/www.cronacaonline.it\/?p=242994"},"modified":"2023-11-30T15:16:57","modified_gmt":"2023-11-30T14:16:57","slug":"artigiano-in-fiera-a-milano-assessore-chessa-grande-vetrina-per-i-nostri-artigiani-e-le-nostre-eccellenze-uno-spaccato-delle-meraviglie-che-la-sardegna-sa-regalare","status":"publish","type":"post","link":"https:\/\/www.cronacaonline.it\/index.php\/2023\/11\/30\/artigiano-in-fiera-a-milano-assessore-chessa-grande-vetrina-per-i-nostri-artigiani-e-le-nostre-eccellenze-uno-spaccato-delle-meraviglie-che-la-sardegna-sa-regalare\/","title":{"rendered":"Artigiano in fiera a Milano: assessore Chessa, grande vetrina per i nostri artigiani e le nostre eccellenze. Uno spaccato delle meraviglie che la Sardegna sa regalare."},"content":{"rendered":"\n<p>Cagliari, 30 Nov 2023 -\u00a0Le eccellenze della Sardegna si mettono in vetrina a Milano, alla 27.ma edizione di Artigiano in Fiera, l\u2019importante Mostra Mercato, in programma da sabato 2 al10 dicembre prossimi a Fieramilano (Rho), tutti i giorni dalle 10 alle 22.30.<\/p>\n\n\n\n<p>L\u2019Isola sar\u00e0 ancora protagonista alla grande mostra mercato dove, nello spazio riservato della Regione Sardegna, verranno esposte decine di aziende sarde in rappresentanza del settore dell'artigianato artistico e dell'agroalimentare.<\/p>\n\n\n\n<p>Il grande spazio espositivo della Sardegna, di quasi mille e duecento metri quadri, nel padiglione 2, verr\u00e0 presentato e inaugurato ufficialmente dall\u2019Assessore Regionale del Turismo,&nbsp;Assessore del Turismo, Artigianato e Commercio,&nbsp;Gianni Chessa, sabato 2 dicembre alle ore 13.<\/p>\n\n\n\n<p>In mostra prodotti tipici del territorio, a partire dalle eccellenze del comparto agroalimentare, ai manufatti dell'artigianato artistico, con la gioielleria di qualit\u00e0 realizzata in corallo sardo e filigrana, ma anche l'arte della coltelleria.&nbsp;Un'occasione non solo per esporre tutti i prodotti tipici e di qualit\u00e0 della nostra Isola, ma di metterli in vendita e offrire, ai moltissimi visitatori uno spaccato delle eccellenze che la Sardegna sa regalare. Artigiano in Fiera vede inoltre in questa edizione la collaborazione di&nbsp;Unioncamere Sardegna attraverso la Camera capofila Camera di Commercio di Nuoro, in collaborazione con il Cipnes e con la Fondazione Maria carta che si occuper\u00e0 della parte spettacoli e intrattenimento nell\u2019apposito spazio allestito all\u2019interno dello Stand Regione Sardegna, attraverso la promozione della musica, del canto e delle tradizioni popolari della Sardegna nelle sue diverse forme.<\/p>\n\n\n\n<p>Per le aziende ospitate nello Stand allestito dall\u2019Assessorato regionale del Turismo \u2013 ha sottolineato l\u2019Assessore Gianni Chessa - un\u2019occasione importante e strategica per promuovere, vendere i prodotti tradizionali e instaurare nuovi rapporti commerciali. \u201cAbbiamo voluto ancora una volta supportare fortemente questa iniziativa nell'ambito di un complessivo progetto di valorizzazione e promozione delle eccellenze della nostra Sardegna.\u201d<\/p>\n\n\n\n<p>Sono&nbsp;37 artigiani&nbsp;gli artigiani dell'area sarda che, grazie al sostegno della Regione Sardegna- Assessorato&nbsp;Turismo, Artigianato e Commercio, si presenteranno per nove giorni alla kermesse milanese.&nbsp;&nbsp;Ogni artigiano ha a disposizione uno stand di 18 mq mentre 7 di loro hanno una doppia postazione e rappresentano corallo e metalli preziosi, abbigliamento tradizionale, tessuti e ricamo, legno, sughero e intreccio, coltelleria, cuoio e pelle, lavorazione pietre e marmo, ferro battuto, macram\u00e8 e gioielli con pietre, ceramica e gioielli bijoux. Gli artigiani partecipanti rappresentano l\u2019intero territorio isolano. Saranno presenti pi\u00f9&nbsp;precisamente, 16 imprese che rappresentano il Sud Sardegna,&nbsp;&nbsp;14 del nord Sardegna mentre le restanti invece sono ubicate nelle province di Nuoro (6) e Oristano (1).<\/p>\n\n\n\n<p>I visitatori saranno accolti nei due desk istituzionali (uno nell\u2019area welcome ed uno nell\u2019area istituzionale) dove potranno ricevere ogni informazione sulla nostra Isola ed essere indirizzati presso le postazioni degli artigiani sardi. Nell\u2019area istituzionale \u00e8 previsto uno spazio di accoglienza in un ambiente confortevole e caratterizzato. A contorno dell\u2019area istituzionale sono presenti i laboratori dei maestri artigiani individuati dal CIPNES nell\u2019ambito del progetto Insula che effettueranno dimostrazioni di lavorazione durante l\u2019arco di apertura delle giornate di manifestazione. I laboratori previsti sono quelli delle produzioni tipiche dolciarie, della pasta tipica della Sardegna, dei Pani delle feste e dei pani tradizionali, delle specialit\u00e0 enogastronomiche (lavorazione Mustazeddu, Panadas e Carapinha, vini Doc e Docg della Sardegna), della ceramica tradizionale sarda, del corallo e della filigrana, Isola laboratorio dei cesti tradizionali sardi, delle maschere antropiche tradizionali sarde, dei tessuti sardi e del tipico tappeto sardo.<\/p>\n\n\n\n<p>Il CIPNES curer\u00e0 inoltre sia l\u2019attivit\u00e0 di degustazione enogastronomica dedicata ai visitatori profilati con distribuzione del piatto del giorno e show cooking a cura degli chef Insula, presentazione dei vitigni DOC e DOCG della Sardegna. Prevista la presenza dell\u2019ISRE (Istituto Superiore Regionale Etnografico della Sardegna) che condivider\u00e0 i desk istituzionali ed effettuer\u00e0 3 speach durante le giornate della kermesse milanese che, giunta alla&nbsp;27ma edizione, rappresenta una delle pi\u00f9 importanti manifestazioni in cui gli artigiani di tutto il mondo possono presentare i propri prodotti, raccontare la loro storia ed il loro lavoro, valorizzando la cultura e le tipicit\u00e0 del proprio territorio. Per l\u2019edizione 2023 saranno 3.000 gli artigiani che esporranno i loro prodotti in rappresentanza di ben 100 paesi del mondo. Previsti oltre un milione di&nbsp;visitatori. Com<\/p>\n","protected":false},"excerpt":{"rendered":"<p>Cagliari, 30 Nov 2023 &#8211;\u00a0Le eccellenze della Sardegna si mettono in vetrina a Milano, alla 27.ma edizione di Artigiano in Fiera, l\u2019importante Mostra Mercato, in&#8230;<\/p>\n","protected":false},"author":2,"featured_media":240042,"comment_status":"closed","ping_status":"open","sticky":false,"template":"","format":"standard","meta":[],"categories":[49,52],"tags":[],"_links":{"self":[{"href":"https:\/\/www.cronacaonline.it\/index.php\/wp-json\/wp\/v2\/posts\/242994"}],"collection":[{"href":"https:\/\/www.cronacaonline.it\/index.php\/wp-json\/wp\/v2\/posts"}],"about":[{"href":"https:\/\/www.cronacaonline.it\/index.php\/wp-json\/wp\/v2\/types\/post"}],"author":[{"embeddable":true,"href":"https:\/\/www.cronacaonline.it\/index.php\/wp-json\/wp\/v2\/users\/2"}],"replies":[{"embeddable":true,"href":"https:\/\/www.cronacaonline.it\/index.php\/wp-json\/wp\/v2\/comments?post=242994"}],"version-history":[{"count":1,"href":"https:\/\/www.cronacaonline.it\/index.php\/wp-json\/wp\/v2\/posts\/242994\/revisions"}],"predecessor-version":[{"id":242995,"href":"https:\/\/www.cronacaonline.it\/index.php\/wp-json\/wp\/v2\/posts\/242994\/revisions\/242995"}],"wp:featuredmedia":[{"embeddable":true,"href":"https:\/\/www.cronacaonline.it\/index.php\/wp-json\/wp\/v2\/media\/240042"}],"wp:attachment":[{"href":"https:\/\/www.cronacaonline.it\/index.php\/wp-json\/wp\/v2\/media?parent=242994"}],"wp:term":[{"taxonomy":"category","embeddable":true,"href":"https:\/\/www.cronacaonline.it\/index.php\/wp-json\/wp\/v2\/categories?post=242994"},{"taxonomy":"post_tag","embeddable":true,"href":"https:\/\/www.cronacaonline.it\/index.php\/wp-json\/wp\/v2\/tags?post=242994"}],"curies":[{"name":"wp","href":"https:\/\/api.w.org\/{rel}","templated":true}]}}