{"id":242971,"date":"2023-11-30T09:14:20","date_gmt":"2023-11-30T08:14:20","guid":{"rendered":"https:\/\/www.cronacaonline.it\/?p=242971"},"modified":"2023-11-30T09:14:23","modified_gmt":"2023-11-30T08:14:23","slug":"renato-soru-venerdi-a-bono-sabato-a-cagliari-e-domenica-a-san-gavino","status":"publish","type":"post","link":"https:\/\/www.cronacaonline.it\/index.php\/2023\/11\/30\/renato-soru-venerdi-a-bono-sabato-a-cagliari-e-domenica-a-san-gavino\/","title":{"rendered":"Renato Soru venerd\u00ec a Bono, sabato a Cagliari e domenica a San Gavino."},"content":{"rendered":"\n<p>Cagliari, 30 Nov 2023 - Un altro fine settimana ricco di eventi e iniziative \u00e8 alle porte per il<br>candidato presidente Renato Soru. Venerd\u00ec 1\u00b0 dicembre l\u2019appuntamento sar\u00e0 nella regione storica del Goceano: a Bono, presso la sala consiliare della Comunit\u00e0 montana del Goceano, in viale San Francesco,<br>Renato Soru dialogher\u00e0 con i cittadini a partire dalle 17:30, in occasione dell\u2019incontro \u201cPaesi in rete, la citt\u00e0 diffusa nel territorio\u201d.<br>Sabato 2 dicembre, Soru parteciper\u00e0 come relatore al dibattito che fa parte del ricco programma di \u201cLiberas, storie di lotta\u201d, insieme a Francesca Ghirra dei Progressisti sardi, Riccardo Lo Monaco di +Europa e<br>Giulia Lai di Liberu. L\u2019incontro si terr\u00e0 alle 17:00 al Lazzaretto di Cagliari.<br>Il weekend di eventi si concluder\u00e0 a San Gavino Monreale, nel Campidano, domenica 3 dicembre, dalle 17:00 nella sala Civis di via Roma 102.<br>L\u2019iniziativa, organizzata da Progetto Sardegna, segue il ciclo di incontri pubblici \u201cLa Sardegna di oggi e del futuro\u201d, in cui il candidato Presidente illustra i punti centrali di un programma per il governo della Regione nei prossimi cinque anni. Com<\/p>\n","protected":false},"excerpt":{"rendered":"<p>Cagliari, 30 Nov 2023 &#8211; Un altro fine settimana ricco di eventi e iniziative \u00e8 alle porte per ilcandidato presidente Renato Soru. Venerd\u00ec 1\u00b0 dicembre&#8230;<\/p>\n","protected":false},"author":2,"featured_media":242972,"comment_status":"closed","ping_status":"open","sticky":false,"template":"","format":"standard","meta":[],"categories":[49,52],"tags":[],"_links":{"self":[{"href":"https:\/\/www.cronacaonline.it\/index.php\/wp-json\/wp\/v2\/posts\/242971"}],"collection":[{"href":"https:\/\/www.cronacaonline.it\/index.php\/wp-json\/wp\/v2\/posts"}],"about":[{"href":"https:\/\/www.cronacaonline.it\/index.php\/wp-json\/wp\/v2\/types\/post"}],"author":[{"embeddable":true,"href":"https:\/\/www.cronacaonline.it\/index.php\/wp-json\/wp\/v2\/users\/2"}],"replies":[{"embeddable":true,"href":"https:\/\/www.cronacaonline.it\/index.php\/wp-json\/wp\/v2\/comments?post=242971"}],"version-history":[{"count":1,"href":"https:\/\/www.cronacaonline.it\/index.php\/wp-json\/wp\/v2\/posts\/242971\/revisions"}],"predecessor-version":[{"id":242973,"href":"https:\/\/www.cronacaonline.it\/index.php\/wp-json\/wp\/v2\/posts\/242971\/revisions\/242973"}],"wp:featuredmedia":[{"embeddable":true,"href":"https:\/\/www.cronacaonline.it\/index.php\/wp-json\/wp\/v2\/media\/242972"}],"wp:attachment":[{"href":"https:\/\/www.cronacaonline.it\/index.php\/wp-json\/wp\/v2\/media?parent=242971"}],"wp:term":[{"taxonomy":"category","embeddable":true,"href":"https:\/\/www.cronacaonline.it\/index.php\/wp-json\/wp\/v2\/categories?post=242971"},{"taxonomy":"post_tag","embeddable":true,"href":"https:\/\/www.cronacaonline.it\/index.php\/wp-json\/wp\/v2\/tags?post=242971"}],"curies":[{"name":"wp","href":"https:\/\/api.w.org\/{rel}","templated":true}]}}