{"id":242920,"date":"2023-11-29T08:30:32","date_gmt":"2023-11-29T07:30:32","guid":{"rendered":"https:\/\/www.cronacaonline.it\/?p=242920"},"modified":"2023-11-29T08:30:35","modified_gmt":"2023-11-29T07:30:35","slug":"consiglio-sardegna-d-l-396-modifiche-alla-legge-di-stabilita-2023-2025-variazioni-al-bilancio-2023-2025-e-riconoscimento-di-debiti-fuori-bilancio-approvato-lart-1-e-gli-emendame","status":"publish","type":"post","link":"https:\/\/www.cronacaonline.it\/index.php\/2023\/11\/29\/consiglio-sardegna-d-l-396-modifiche-alla-legge-di-stabilita-2023-2025-variazioni-al-bilancio-2023-2025-e-riconoscimento-di-debiti-fuori-bilancio-approvato-lart-1-e-gli-emendame\/","title":{"rendered":"Consiglio Sardegna &#8211; D.L. 396 \u201cModifiche alla legge di stabilit\u00e0 2023-2025, variazioni al bilancio 2023-2025 e riconoscimento di debiti fuori bilancio. Approvato l\u2019art 1 e gli emendamenti."},"content":{"rendered":"\n<p>Cagliari 29 Nov 2023 \u2013 La seduta di ieri pomeriggio del Consiglio si \u00e8 aperta con la prosecuzione dell\u2019esame dell\u2019emendamento 10 all\u2019art. 1 del DL 396 \u201cModifiche alla legge di stabilit\u00e0 2023-2025, variazioni al bilancio 2023-2025 e riconoscimento di debiti fuori bilancio\u201d. Questo emendamento, illustrato al termine della seduta antimeridiana dal primo firmatario Antonello Peru (Il grande centro) riguarda alcune disposizioni per la regolarizzazione dell\u2019occupazione di immobili regionali provenienti dall\u2019Agenzia Laore Sardegna occupati a vario titolo o senza titolo anche da decenni e che per la Regione rappresenterebbero un onere.\u00a0 Sull\u2019emendamento 10 (uguale al 249) sono intervenuti: Michele Cossa (Riformatori sardi), Massimo Zedda (Progressisti), Desir\u00e9 Manca (M5S), Francesco Agus (Progressisti), l\u2019assessore dei Lavori Pubblici Aldo Salaris. La consigliera Alice Aroni (Pro Sardinia \u2013 Unione di Centro) ha ritirato la firma dall\u2019emendamento 249. \u00a0\u00a0Michele Ennas (Lega) ha chiesto una breve interruzione in aula. Alla ripresa dei lavori sono intervenuti Michele Ennas (Lega) e Francesco Stara (Il Grande Centro). L\u2019emendamento 10, su cui la giunta si \u00e8 rimessa all\u2019Aula, \u00e8 stato approvato (con voto nominale s\u00ec 23, no 17, 2 astenuti).\u00a0\u00a0\u00a0<\/p>\n\n\n\n<p>Sugli emendamenti 2 (Alfonso Marras) e 250 (Peru e pi\u00f9) che riguardano le indennit\u00e0 dei consiglieri delegati delle citt\u00e0 metropolitane sono intervenuti: Francesco Agus (Progressisti), Alfonso Marras (Psd\u2019Az) che ha ritirato l\u2019emendamento 2 e ha apposto la firma al 250, Massimo Zedda (Progressisti), l\u2019assessore Salaris che ha presentato un emendamento orale per allargare la disciplina delle indennit\u00e0 anche alle regioni a statuto speciale. Messo in votazione l\u2019emendamento 250 \u00e8 stato approvato.<\/p>\n\n\n\n<p>Sull\u2019emendamento 285 (autorizzazione di aree riservate alla sosta prolungata di veicoli anche nelle zone agricole) sono intervenuti Desir\u00e8 Manca (M5S), Eugenio Lai (Alleanza Rosso-Verde), Roberto Caredda (Misto), Daniele Secondo Cocco (Alleanza Rosso-Verde), Franco Mula (Il Grande Centro), Francesco Agus (Progressisti), Gianfranco Ganau (Pd), Domenico Gallus (Psd\u2019Az), l\u2019assessore al bilancio Fasolino, e l\u2019assessore ai Lavori Pubblici Aldo Salaris. L\u2019emendamento 285 \u00e8 stato ritirato.<\/p>\n\n\n\n<p>L\u2019assessore Fasolino ha fatto un altro appello alla maggioranza di approvare al pi\u00f9 presto il provvedimento da un miliardo di euro.<\/p>\n\n\n\n<p>Sugli emendamenti 531, 532, 540 (all\u2019emendamento 462) giudicati dalla minoranza \u201cnorme intruse\u201d sono intervenuti: Francesco Agus (Progressisti), Piero Comandini&nbsp; (Pd), Gianfranco Ganau (Pd), l\u2019assessore Aldo Salaris, l\u2019assessore&nbsp; Fasolino, Desir\u00e8 Manca (M5S), Massimo Zedda (Progressisti), Michele Ennas (Lega), Rossella Pinna (Pd) . Il dibattito \u00e8 stato acceso. L\u2019assessore Salaris ha spiegato che non si tratta di nuove disposizioni in materia di Enti locali o di urbanistica ma si tratta di chiarimenti e specificazioni. \u201cIn questi emendamenti non stiamo scrivendo nulla di nuovo n\u00e9 in materia di enti locali, n\u00e9 di urbanistica\u201d.&nbsp; Dalle opposizioni \u00e8 stato chiesto di ritirare questi emendamenti agli emendamenti.<\/p>\n\n\n\n<p>L\u2019emendamento 540 (Ennas) \u00e8 stato ritirato.<\/p>\n\n\n\n<p>Antonello Peru ha chiesto una breve sospensione che \u00e8 stata accolta dal Presidente Pais. (R.R.)<\/p>\n\n\n\n<p>Alla ripresa dei lavori l\u2019Aula ha approvato due emendamenti proposti dalla Giunta regionale: il 532 che modifica il comma 1 dell\u2019art.131 della legge 9 del 2023 sostituendo alle parole \u201cpergole bioclimatiche\u201d la parola \u201cpergotenda\u201d e il 531 che introduce diverse modifiche alla stessa legge 9 del 2023 \u201cDisposizioni di carattere istituzionale, ordina mentale e finanziario su varie materie\u201d.&nbsp; In particolare in riferimento alla nomina dei commissari e subcommissari delle Province e citt\u00e0 Metropolitane e al recupero del patrimonio edilizio esistente.<\/p>\n\n\n\n<p>L\u2019Aula \u00e8 quindi passata all\u2019esame dell\u2019art. 2 \u201cDisposizioni finanziarie in materia di sanit\u00e0 e politiche sociali e modifiche alla legge regionale n. 1 del 2023\u201d.<\/p>\n\n\n\n<p>Approvato l\u2019emendamento 78=3 soppressivo del primo comma dell\u2019art.2, il Consiglio ha dato il via libera anche all\u2019emendamento n.493 che stanzia ulteriori 800mila euro a favore del Mater Olbia per il rimborso del 50% degli incrementi contrattuali del personale non medico.<\/p>\n\n\n\n<p>Disco verde per gli emendamenti aggiuntivi n.38 (Ciusa e pi\u00f9) che autorizza la spesa di 100mila euro per la sterilizzazione dei cani di propriet\u00e0 delle aziende zootecniche determinando i criteri e la modalit\u00e0 per la richiesta dei contributi, l\u2019emendamento 437 della Giunta regionale che stabilisce l\u2019assegnazione delle risorse alle Asl per il potenziamento dei servizi veterinari e lo smaltimento delle liste d\u2019attesa sulla base dei fabbisogni rilevati; l\u2019emendamento n.4 (Mundula) che introduce il comma 20 bis (con il quale si stabilisce che la legge 5 del 1992 continua ad applicarsi ai contratti di formazione specialistica aggiuntivi e alle borse di studio assegnate fino al completamento del ciclo di studi a cui si riferiscono) e il comma 20 ter che abroga il comma 2 dell\u2019art 54 della legge regionale 9 del 2023.<\/p>\n\n\n\n<p>Disco verde anche per gli emendamenti n 13 (Aroni e pi\u00f9 ) che modifica l\u2019art 68 della legge n.6 del 1992 sui compensi ai componenti delle Commissioni mediche per l\u2019accertamento dell\u2019invalidit\u00e0 civile stabilendo che il gettone corrisposto a ciascun componente si riferisce all\u2019attivit\u00e0 svolta fuori dall\u2019orario di servizio purch\u00e9 con rapporto di lavoro esclusivo; gli emendamenti 39 e 44, entrambi presentati da Desir\u00e8 Manca, che autorizzano la spesa di 1 milione di euro come contributo straordinario alle associazioni sarde per i malati di Alzheimer per lo svolgimento delle attivit\u00e0 di assistenza ai pazienti e ai loro familiari e di 2 milioni per le associazioni sarde di volontariato e solidariet\u00e0 che svolgono attivit\u00e0 di assistenza sociale.<\/p>\n\n\n\n<p>Approvati anche gli emendamenti n.252 (Lai e pi\u00f9), che autorizza la spesa di 2,5 milioni di euro per i premi di produttivit\u00e0 al personale sanitario impegnato nella gestione dell\u2019emergenza Covid 19; n. 492 (Giunta regionale) che stanzia 1 milione di euro per adeguare le tariffe del Dgr 54\/5 del 2013 per i disturbi dello specchio autistico, n.288 (Aroni e pi\u00f9) che introduce l\u2019articolo 7 bis alla legge n.33 del 2018 che istituisce il Pronto intervento Rosa della Regione Sardegna a favore delle donne vittime di violenza; n.466 (Giunta regionale) che autorizza la spesa di 50mila euro per il 2023 e 350mila a decorrere dal 2024 per i rimborsi ai pazienti diabetici del farmaco \u201cglucagone spray nasale\u201d, e il n.533 (emendamento all\u2019emendamento 492) che stabilisce un aumento delle tariffe a favore delle residenze sanitarie a partire dal 1 gennaio 2023; n.387 (Agus e pi\u00f9) che autorizza la spesa di 250mila euro a favore della Asl di Cagliari per il 2024 per la prosecuzione dell\u2019intervento presso l\u2019ospedale Microcitemico di Cagliari previsto nella tabella D della legge regionale n.1 del 2023. Il presidente Pais ha quindi sospeso la seduta. I lavori del Consiglio riprenderanno questa mattina alle 10. Com<\/p>\n","protected":false},"excerpt":{"rendered":"<p>Cagliari 29 Nov 2023 \u2013 La seduta di ieri pomeriggio del Consiglio si \u00e8 aperta con la prosecuzione dell\u2019esame dell\u2019emendamento 10 all\u2019art. 1 del DL&#8230;<\/p>\n","protected":false},"author":2,"featured_media":239834,"comment_status":"closed","ping_status":"open","sticky":false,"template":"","format":"standard","meta":[],"categories":[49,52],"tags":[],"_links":{"self":[{"href":"https:\/\/www.cronacaonline.it\/index.php\/wp-json\/wp\/v2\/posts\/242920"}],"collection":[{"href":"https:\/\/www.cronacaonline.it\/index.php\/wp-json\/wp\/v2\/posts"}],"about":[{"href":"https:\/\/www.cronacaonline.it\/index.php\/wp-json\/wp\/v2\/types\/post"}],"author":[{"embeddable":true,"href":"https:\/\/www.cronacaonline.it\/index.php\/wp-json\/wp\/v2\/users\/2"}],"replies":[{"embeddable":true,"href":"https:\/\/www.cronacaonline.it\/index.php\/wp-json\/wp\/v2\/comments?post=242920"}],"version-history":[{"count":1,"href":"https:\/\/www.cronacaonline.it\/index.php\/wp-json\/wp\/v2\/posts\/242920\/revisions"}],"predecessor-version":[{"id":242921,"href":"https:\/\/www.cronacaonline.it\/index.php\/wp-json\/wp\/v2\/posts\/242920\/revisions\/242921"}],"wp:featuredmedia":[{"embeddable":true,"href":"https:\/\/www.cronacaonline.it\/index.php\/wp-json\/wp\/v2\/media\/239834"}],"wp:attachment":[{"href":"https:\/\/www.cronacaonline.it\/index.php\/wp-json\/wp\/v2\/media?parent=242920"}],"wp:term":[{"taxonomy":"category","embeddable":true,"href":"https:\/\/www.cronacaonline.it\/index.php\/wp-json\/wp\/v2\/categories?post=242920"},{"taxonomy":"post_tag","embeddable":true,"href":"https:\/\/www.cronacaonline.it\/index.php\/wp-json\/wp\/v2\/tags?post=242920"}],"curies":[{"name":"wp","href":"https:\/\/api.w.org\/{rel}","templated":true}]}}