{"id":242843,"date":"2023-11-27T15:17:22","date_gmt":"2023-11-27T14:17:22","guid":{"rendered":"https:\/\/www.cronacaonline.it\/?p=242843"},"modified":"2023-11-27T15:17:25","modified_gmt":"2023-11-27T14:17:25","slug":"turismo-presentata-la-app-sardinia-assessore-chessa-unapplicazione-mobile-dedicata-alla-promozione-turistica-della-sardegna","status":"publish","type":"post","link":"https:\/\/www.cronacaonline.it\/index.php\/2023\/11\/27\/turismo-presentata-la-app-sardinia-assessore-chessa-unapplicazione-mobile-dedicata-alla-promozione-turistica-della-sardegna\/","title":{"rendered":"Turismo, presentata la app \u2018Sardinia\u2019. Assessore Chessa: \u2018un\u2019applicazione mobile dedicata alla promozione turistica della Sardegna\u2019."},"content":{"rendered":"\n<p>Cagliari, 27 Nov 2023\u00a0\u2013 \u201cAbbiamo realizzato un\u2019applicazione mobile dedicata alla promozione turistica della Sardegna, strumento indispensabile per le pubbliche amministrazioni. \u00c8 stata pensata, progettata e realizzata per fornire suggerimenti durante la vacanza e informazioni su eventi, luoghi e servizi turistici dell\u2019Isola, cos\u00ec da accompagnare il turista durante la sua esperienza in Sardegna. Perci\u00f2, il suo principio guida \u00e8 proprio l\u2019interazione con l\u2019utente\u201d. Lo ha detto l\u2019assessore regionale del Turismo, Gianni Chessa, durante la presentazione di \u201cSardinia\u201d, la nuova app turistica, realizzata grazie alla collaborazione con il Crs4 e Sardegna ricerche. Il nuovo canale digitale \u00e8 strutturato in diverse sezioni (\u2018Brand\u2019; \u2018Dove andare\u2019; \u2018Cosa fare\u2019; \u2018Itinerari\u2019; \u2018Eventi\u2019; \u2018Strutture ricettive\u2019), contiene testi, contenuti multimediali (video, immagini, audio) e interattivi (3D, virtual tour, realt\u00e0 virtuale) ed \u00e8 scaricabile sia in versione Ios che Android.<\/p>\n\n\n\n<p>\u201cSardinia vuole accrescere la diffusione del brand turistico Sardegna anche nei mercati internazionali \u2013 ha aggiunto l\u2019assessore Chessa \u2013 La app \u00e8 funzionale e innovativa, completa nei contenuti, che sono rivolti a differenti categorie di utenti in base ai loro interessi, \u00e8 di facile esplorazione dei contenuti e ha una modalit\u00e0 di ricerca semplice, intuitiva e immediata. Abbiamo curato particolarmente l\u2019interfaccia grafica e la navigazione, che pu\u00f2 essere personalizzata con le proprie preferenze. Inoltre, valorizza l\u2019esperienza sull\u2019Isola attraverso la georeferenziazione dei contenuti, e rappresenta un riferimento e un supporto in tutte le fasi del viaggio. L\u2019interazione con gli utenti\/turisti \u00e8 basata su una mappa e sui relativi punti di interesse\u201d.<\/p>\n\n\n\n<p>\u201cOvviamente, sar\u00e0 in costante aggiornamento e, dopo un primo test effettuato con oltre 100 studenti delle scuole superiori e della facolt\u00e0 di informatica, dai quali abbiamo ricevuto e accolto tanti suggerimenti, aspettiamo ulteriori segnalazioni dai nuovi utenti\u201c, ha concluso l\u2019assessore del Turismo.&nbsp;Com<\/p>\n","protected":false},"excerpt":{"rendered":"<p>Cagliari, 27 Nov 2023\u00a0\u2013 \u201cAbbiamo realizzato un\u2019applicazione mobile dedicata alla promozione turistica della Sardegna, strumento indispensabile per le pubbliche amministrazioni. \u00c8 stata pensata, progettata e&#8230;<\/p>\n","protected":false},"author":2,"featured_media":242844,"comment_status":"closed","ping_status":"open","sticky":false,"template":"","format":"standard","meta":[],"categories":[49,52],"tags":[],"_links":{"self":[{"href":"https:\/\/www.cronacaonline.it\/index.php\/wp-json\/wp\/v2\/posts\/242843"}],"collection":[{"href":"https:\/\/www.cronacaonline.it\/index.php\/wp-json\/wp\/v2\/posts"}],"about":[{"href":"https:\/\/www.cronacaonline.it\/index.php\/wp-json\/wp\/v2\/types\/post"}],"author":[{"embeddable":true,"href":"https:\/\/www.cronacaonline.it\/index.php\/wp-json\/wp\/v2\/users\/2"}],"replies":[{"embeddable":true,"href":"https:\/\/www.cronacaonline.it\/index.php\/wp-json\/wp\/v2\/comments?post=242843"}],"version-history":[{"count":1,"href":"https:\/\/www.cronacaonline.it\/index.php\/wp-json\/wp\/v2\/posts\/242843\/revisions"}],"predecessor-version":[{"id":242845,"href":"https:\/\/www.cronacaonline.it\/index.php\/wp-json\/wp\/v2\/posts\/242843\/revisions\/242845"}],"wp:featuredmedia":[{"embeddable":true,"href":"https:\/\/www.cronacaonline.it\/index.php\/wp-json\/wp\/v2\/media\/242844"}],"wp:attachment":[{"href":"https:\/\/www.cronacaonline.it\/index.php\/wp-json\/wp\/v2\/media?parent=242843"}],"wp:term":[{"taxonomy":"category","embeddable":true,"href":"https:\/\/www.cronacaonline.it\/index.php\/wp-json\/wp\/v2\/categories?post=242843"},{"taxonomy":"post_tag","embeddable":true,"href":"https:\/\/www.cronacaonline.it\/index.php\/wp-json\/wp\/v2\/tags?post=242843"}],"curies":[{"name":"wp","href":"https:\/\/api.w.org\/{rel}","templated":true}]}}