{"id":242756,"date":"2023-11-25T07:48:25","date_gmt":"2023-11-25T06:48:25","guid":{"rendered":"https:\/\/www.cronacaonline.it\/?p=242756"},"modified":"2023-11-25T07:48:28","modified_gmt":"2023-11-25T06:48:28","slug":"la-segretaria-nazionale-del-pd-elly-schlein-ieri-sera-ha-inaugurato-il-ritorno-della-festa-dellunita-a-cagliari-e-su-todde-fa-un-appello-a-renato-soru-e-massimo-zedda-affinche-rientrino","status":"publish","type":"post","link":"https:\/\/www.cronacaonline.it\/index.php\/2023\/11\/25\/la-segretaria-nazionale-del-pd-elly-schlein-ieri-sera-ha-inaugurato-il-ritorno-della-festa-dellunita-a-cagliari-e-su-todde-fa-un-appello-a-renato-soru-e-massimo-zedda-affinche-rientrino\/","title":{"rendered":"La segretaria nazionale del PD Elly Schlein\u00a0ieri sera ha inaugurato il ritorno della Festa dell\u2019Unit\u00e0 a Cagliari e su Todde fa un appello a Renato Soru e Massimo Zedda affinch\u00e9 rientrino nel campo largo che appoggia la candidata pentastellata."},"content":{"rendered":"\n<p><\/p>\n\n\n\n<p>Cagliari, 25 Nov 2023 - Ieri sera a Cagliari, che dopo tanti anni \u00e8 tornata in Sardegna la Festa dell\u2019Unit\u00e0, la Segretaria del Partito Democratico alla presenza, al completo, di tutti i componenti del Pd della Sardegna, sia locale che nazionali, ha affermato, che \"Non ci sono stati accordi romani, n\u00e9 dall'alto: abbiamo il pieno e totale rispetto del partito regionale e non potremo mai scavalcarlo\", Lo ha riferito la segretaria del Pd Elly Schlein dal palco della Festa dell'Unit\u00e0 a Cagliari rispondendo alle polemiche sulla divisione del centrosinistra che vede la candidata del campo largo a guida Pd-M5s, Alessandra Todde opposta all'ex governatore sardo, Renato Soru. Comunque affermazione poco credibile anche se detta dalla Segretaria. Tutti sapevano che Todde \u00e8 stata calata da Roma e non scelta nell\u2019Isola.<\/p>\n\n\n\n<p>Poi Elly ha continuato: \"Ho la fortuna di conoscere da qualche anno Alessandra Todde - ha aggiunto davanti a una vasta platea -, dico la fortuna, perch\u00e9 \u00e8 bello incontrarsi con altre donne, nel momento in cui io e lei sappiamo che \u00e8 il nostro tempo e il nostro momento. E nel contempo E lancia un appello: \"Facciamo ogni sforzo per non perdere per strada nessuno, lo dico ai nostri e a quei compagni di strada con cui ho condiviso tante battaglie in questi anni, e mi rivolgo a Renato Soru e Massimo Zedda: incontratevi, parlatevi, davanti a un governo come questo non possiamo dividerci\".<\/p>\n\n\n\n<p>Poi \u00e8 intervenuto il segretario del Pd Piero Comandini che dal canto suo ha detto: l'appello lanciato da questo palco della Festa dell'Unit\u00e0 di Cagliari dalla segretaria dem Elly Schlein a Renato Soru e Massimo Zedda, in vista delle regionali, \u00e8 fatto suo e rilanciato anche dal segretario regionale. \"Questo \u00e8 un campo aperto e largo\", ha detto. Un messaggio diretto, in particolare a Renato Soru e ai Progressisti: \"il campo \u00e8 aperto - ha ribadito - il terreno dell'unit\u00e0 \u00e8 molto fertile. Non ci devono essere divisioni e non voglio essere ricordato per essere portatore di una sconfitta. Abbiamo trovato la nostra candidata che \u00e8 Alessandra Todde, donna cocciuta e determinata. Ed \u00e8 stata scelta con convinzione\".<\/p>\n","protected":false},"excerpt":{"rendered":"<p>Cagliari, 25 Nov 2023 &#8211; Ieri sera a Cagliari, che dopo tanti anni \u00e8 tornata in Sardegna la Festa dell\u2019Unit\u00e0, la Segretaria del Partito Democratico&#8230;<\/p>\n","protected":false},"author":2,"featured_media":242757,"comment_status":"closed","ping_status":"open","sticky":false,"template":"","format":"standard","meta":[],"categories":[49,52],"tags":[],"_links":{"self":[{"href":"https:\/\/www.cronacaonline.it\/index.php\/wp-json\/wp\/v2\/posts\/242756"}],"collection":[{"href":"https:\/\/www.cronacaonline.it\/index.php\/wp-json\/wp\/v2\/posts"}],"about":[{"href":"https:\/\/www.cronacaonline.it\/index.php\/wp-json\/wp\/v2\/types\/post"}],"author":[{"embeddable":true,"href":"https:\/\/www.cronacaonline.it\/index.php\/wp-json\/wp\/v2\/users\/2"}],"replies":[{"embeddable":true,"href":"https:\/\/www.cronacaonline.it\/index.php\/wp-json\/wp\/v2\/comments?post=242756"}],"version-history":[{"count":1,"href":"https:\/\/www.cronacaonline.it\/index.php\/wp-json\/wp\/v2\/posts\/242756\/revisions"}],"predecessor-version":[{"id":242758,"href":"https:\/\/www.cronacaonline.it\/index.php\/wp-json\/wp\/v2\/posts\/242756\/revisions\/242758"}],"wp:featuredmedia":[{"embeddable":true,"href":"https:\/\/www.cronacaonline.it\/index.php\/wp-json\/wp\/v2\/media\/242757"}],"wp:attachment":[{"href":"https:\/\/www.cronacaonline.it\/index.php\/wp-json\/wp\/v2\/media?parent=242756"}],"wp:term":[{"taxonomy":"category","embeddable":true,"href":"https:\/\/www.cronacaonline.it\/index.php\/wp-json\/wp\/v2\/categories?post=242756"},{"taxonomy":"post_tag","embeddable":true,"href":"https:\/\/www.cronacaonline.it\/index.php\/wp-json\/wp\/v2\/tags?post=242756"}],"curies":[{"name":"wp","href":"https:\/\/api.w.org\/{rel}","templated":true}]}}