{"id":242749,"date":"2023-11-24T17:44:34","date_gmt":"2023-11-24T16:44:34","guid":{"rendered":"https:\/\/www.cronacaonline.it\/?p=242749"},"modified":"2023-11-24T17:44:35","modified_gmt":"2023-11-24T16:44:35","slug":"il-sindaco-paolo-truzzu-e-il-prefetto-giuseppe-de-matteis-hanno-firmato-il-protocollo-dintesa-mille-occhi-sulle-citta","status":"publish","type":"post","link":"https:\/\/www.cronacaonline.it\/index.php\/2023\/11\/24\/il-sindaco-paolo-truzzu-e-il-prefetto-giuseppe-de-matteis-hanno-firmato-il-protocollo-dintesa-mille-occhi-sulle-citta\/","title":{"rendered":"Il Sindaco Paolo Truzzu e il Prefetto Giuseppe De Matteis hanno firmato il Protocollo d&#8217;intesa \u201cMille Occhi sulle Citt\u00e0\u201d."},"content":{"rendered":"\n<p>Cagliari, 24 Nov 2023 - \u00c8 stato siglato nella giornata di oggi, venerd\u00ec 24 novembre 2023 tra la Prefettura di Cagliari, il Comune di Cagliari e gli Istituti di vigilanza privata operanti nel capoluogo sardo, il Protocollo d'intesa \u201cMille Occhi sulle Citt\u00e0\u201d.<\/p>\n\n\n\n<p>Grazie al documento, gli Istituti di vigilanza, potranno essere un valido elemento di collaborazione con le Forze di Polizia Statali e le Polizie Locali, fornendo un'attivit\u00e0 di osservazione e raccolta di elementi di particolare utilit\u00e0 per la prevenzione e repressione dei reati. Attivit\u00e0 che dovr\u00e0, naturalmente, essere svolta entro i limiti stabiliti dalla Legge.<\/p>\n\n\n\n<p>A sottoscrivere il Protocollo, accanto a Prefettura e Comune, sono stati: Alarm System, Coopservice, La Nuorese, Sicurtecnica, Tiger, Vedetta2 Mondialpol e Vigilpol.<\/p>\n\n\n\n<p>Nel documento, che avr\u00e0 una validit\u00e0 di 3 anni dalla sottoscrizione e che sar\u00e0 rinnovabile, oltre che aperto all'adesione di altri Comuni, viene precisato che l'attivit\u00e0 svolta dagli Istituti di vigilanza, non comporta l'esercizio di pubbliche funzioni.<\/p>\n\n\n\n<p>Ma sar\u00e0, comunque, un valido apporto nell'attivit\u00e0 delle Forze dell'Ordine, considerato che dalla Prefettura e dal Comune \u00e8 stato valutato positivamente l'apporto alla tutela dell'ordine e della sicurezza pubblica, oltre che alla sicurezza urbana, grazie alla tempestiva trasmissione delle segnalazioni loro pervenute.<\/p>\n\n\n\n<p>Nello specifico, le segnalazioni potranno riguardare le seguenti informazioni: la presenza di mezzi di trasporto o persone sospette; la fuga di mezzi o di persone dal luogo del delitto; la segnalazione di auto o moto rubate; la segnalazione di bambini, persone anziane, persone in stato confusionale ed in evidente difficolt\u00e0; la segnalazione della presenza di ostacoli sulle vie di comunicazione; l'interruzione dei servizi di fornitura di fonti energetiche; la segnalazione di allontanamento da presidi ospedalieri di persone anziane o in trattamento sanitario obbligatorio; la segnalazione di ogni altra situazione che faccia ritenere imminente la commissione di reati; le situazioni particolarmente significative di degrado urbano e disagio sociale; gli elementi informativi concernenti fattispecie configuranti potenziali illeciti economico-finanziari. Com<\/p>\n","protected":false},"excerpt":{"rendered":"<p>Cagliari, 24 Nov 2023 &#8211; \u00c8 stato siglato nella giornata di oggi, venerd\u00ec 24 novembre 2023 tra la Prefettura di Cagliari, il Comune di Cagliari&#8230;<\/p>\n","protected":false},"author":2,"featured_media":132553,"comment_status":"closed","ping_status":"open","sticky":false,"template":"","format":"standard","meta":[],"categories":[49,52],"tags":[],"_links":{"self":[{"href":"https:\/\/www.cronacaonline.it\/index.php\/wp-json\/wp\/v2\/posts\/242749"}],"collection":[{"href":"https:\/\/www.cronacaonline.it\/index.php\/wp-json\/wp\/v2\/posts"}],"about":[{"href":"https:\/\/www.cronacaonline.it\/index.php\/wp-json\/wp\/v2\/types\/post"}],"author":[{"embeddable":true,"href":"https:\/\/www.cronacaonline.it\/index.php\/wp-json\/wp\/v2\/users\/2"}],"replies":[{"embeddable":true,"href":"https:\/\/www.cronacaonline.it\/index.php\/wp-json\/wp\/v2\/comments?post=242749"}],"version-history":[{"count":1,"href":"https:\/\/www.cronacaonline.it\/index.php\/wp-json\/wp\/v2\/posts\/242749\/revisions"}],"predecessor-version":[{"id":242750,"href":"https:\/\/www.cronacaonline.it\/index.php\/wp-json\/wp\/v2\/posts\/242749\/revisions\/242750"}],"wp:featuredmedia":[{"embeddable":true,"href":"https:\/\/www.cronacaonline.it\/index.php\/wp-json\/wp\/v2\/media\/132553"}],"wp:attachment":[{"href":"https:\/\/www.cronacaonline.it\/index.php\/wp-json\/wp\/v2\/media?parent=242749"}],"wp:term":[{"taxonomy":"category","embeddable":true,"href":"https:\/\/www.cronacaonline.it\/index.php\/wp-json\/wp\/v2\/categories?post=242749"},{"taxonomy":"post_tag","embeddable":true,"href":"https:\/\/www.cronacaonline.it\/index.php\/wp-json\/wp\/v2\/tags?post=242749"}],"curies":[{"name":"wp","href":"https:\/\/api.w.org\/{rel}","templated":true}]}}