{"id":242730,"date":"2023-11-24T12:02:49","date_gmt":"2023-11-24T11:02:49","guid":{"rendered":"https:\/\/www.cronacaonline.it\/?p=242730"},"modified":"2023-11-24T12:02:51","modified_gmt":"2023-11-24T11:02:51","slug":"venticinque-novembre-il-consiglio-regionale-contro-la-violenza-sulle-donne-il-palazzo-illuminato-con-luci-rosse","status":"publish","type":"post","link":"https:\/\/www.cronacaonline.it\/index.php\/2023\/11\/24\/venticinque-novembre-il-consiglio-regionale-contro-la-violenza-sulle-donne-il-palazzo-illuminato-con-luci-rosse\/","title":{"rendered":"Venticinque novembre, il Consiglio regionale contro la violenza sulle donne. Il Palazzo illuminato con luci rosse."},"content":{"rendered":"\n<p>Cagliari, 24 novembre 2023 \u2013 \u201cStefania, Francesca, Giulia. La lista dei nomi delle vittime di violenza in Sardegna, e nel resto del nostro Paese, continua ad allungarsi con una velocit\u00e0 impressionante. Secondo i dati, ogni giorno nella nostra isola, almeno 4 donne sono vittime di violenza fisica o sessuale o di atti persecutori. \u00c8 necessario cambiare la nostra societ\u00e0 promuovendo la cultura dell\u2019affettivit\u00e0 sin dalla pi\u00f9 tenera et\u00e0 e condannando con ogni mezzo la violenza soprattutto contro le donne.\u201d<\/p>\n\n\n\n<p>Lo afferma con profonda tristezza, amarezza e allarme il Presidente del Consiglio regionale Michele Pais, in occasione della Giornata internazionale contro la violenza sulle donne.<\/p>\n\n\n\n<p>\u201cE\u2019 un 25 novembre di grande sconforto.&nbsp; L\u2019opinione pubblica \u00e8 ancora scossa dalla terribile vicenda di Giulia, la ragazza uccisa dall\u2019ex fidanzato. Giulia \u00e8 il simbolo della donna di oggi che \u201cvola alto\u201d e che vuole affermarsi perch\u00e9 \u201cl\u2019indipendenza \u00e8 libert\u00e0\u201d. Giulia \u00e8 la figlia di tutti noi, il simbolo di una generazione di giovani donne che vanno avanti tra mille difficolt\u00e0 e devono combattere contro mentalit\u00e0 distorte. Ma Giulia \u00e8 anche il simbolo del fallimento di una societ\u00e0 arretrata. E\u2019 ora di cambiare, bisogna promuovere la cultura dell\u2019affettivit\u00e0 sin dalla pi\u00f9 tenera et\u00e0 e dobbiamo respingere e combattere ogni tipo di violenza soprattutto contro le donne\u201d.<\/p>\n\n\n\n<p>In occasione del 25 novembre il Palazzo del Consiglio regionale sar\u00e0 illuminato di rosso e sulla pagina del sito istituzionale compare la banda rossa: #25 novembre, il Consiglio regionale della Sardegna contro la violenza sulle donne.<\/p>\n\n\n\n<p>\u201cGesti simbolici da parte dell\u2019Assemblea \u2013 ha concluso il Presidente Pais -&nbsp; per non dimenticare chi ha subito o subisce violenza fisica o psicologica. In ricordo di Giulia e di tutte le donne uccise e maltrattate in ogni angolo del pianeta. Il loro sacrificio non deve passare sotto silenzio e deve servire da stimolo per accelerare al massimo quei provvedimenti ormai necessari per arginare un fenomeno che non pu\u00f2 essere inarrestabile\u201d. Com<\/p>\n","protected":false},"excerpt":{"rendered":"<p>Cagliari, 24 novembre 2023 \u2013 \u201cStefania, Francesca, Giulia. La lista dei nomi delle vittime di violenza in Sardegna, e nel resto del nostro Paese, continua&#8230;<\/p>\n","protected":false},"author":2,"featured_media":242731,"comment_status":"closed","ping_status":"open","sticky":false,"template":"","format":"standard","meta":[],"categories":[49,52],"tags":[],"_links":{"self":[{"href":"https:\/\/www.cronacaonline.it\/index.php\/wp-json\/wp\/v2\/posts\/242730"}],"collection":[{"href":"https:\/\/www.cronacaonline.it\/index.php\/wp-json\/wp\/v2\/posts"}],"about":[{"href":"https:\/\/www.cronacaonline.it\/index.php\/wp-json\/wp\/v2\/types\/post"}],"author":[{"embeddable":true,"href":"https:\/\/www.cronacaonline.it\/index.php\/wp-json\/wp\/v2\/users\/2"}],"replies":[{"embeddable":true,"href":"https:\/\/www.cronacaonline.it\/index.php\/wp-json\/wp\/v2\/comments?post=242730"}],"version-history":[{"count":1,"href":"https:\/\/www.cronacaonline.it\/index.php\/wp-json\/wp\/v2\/posts\/242730\/revisions"}],"predecessor-version":[{"id":242732,"href":"https:\/\/www.cronacaonline.it\/index.php\/wp-json\/wp\/v2\/posts\/242730\/revisions\/242732"}],"wp:featuredmedia":[{"embeddable":true,"href":"https:\/\/www.cronacaonline.it\/index.php\/wp-json\/wp\/v2\/media\/242731"}],"wp:attachment":[{"href":"https:\/\/www.cronacaonline.it\/index.php\/wp-json\/wp\/v2\/media?parent=242730"}],"wp:term":[{"taxonomy":"category","embeddable":true,"href":"https:\/\/www.cronacaonline.it\/index.php\/wp-json\/wp\/v2\/categories?post=242730"},{"taxonomy":"post_tag","embeddable":true,"href":"https:\/\/www.cronacaonline.it\/index.php\/wp-json\/wp\/v2\/tags?post=242730"}],"curies":[{"name":"wp","href":"https:\/\/api.w.org\/{rel}","templated":true}]}}