{"id":242697,"date":"2023-11-23T19:12:46","date_gmt":"2023-11-23T18:12:46","guid":{"rendered":"https:\/\/www.cronacaonline.it\/?p=242697"},"modified":"2023-11-23T19:12:49","modified_gmt":"2023-11-23T18:12:49","slug":"gli-assessori-lai-e-chessa-intervengono-al-convegno-fa-academy-focus-sul-lavoro-nel-turismo-sardo","status":"publish","type":"post","link":"https:\/\/www.cronacaonline.it\/index.php\/2023\/11\/23\/gli-assessori-lai-e-chessa-intervengono-al-convegno-fa-academy-focus-sul-lavoro-nel-turismo-sardo\/","title":{"rendered":"Gli assessori Lai e Chessa intervengono al convegno \u201cFa Academy: focus sul lavoro nel turismo sardo\u201d."},"content":{"rendered":"\n<p>Cagliari, 23 Nov 2023\u00a0\u2013 \u201cLo Stato di Salute del Mondo del Lavoro nel Turismo in Sardegna\" \u00e8 il titolo del convegno organizzato oggi a Cagliari, da FA Academy, il ramo dedicato alla formazione di FA Travel, presso la Sala Contemporanea di Sa Manifattura, al quale hanno partecipato gli assessori regionali del Lavoro e del Turismo, Ada Lai e Gianni Chessa, l\u2019assessore al Turismo del Comune di Cagliari, Alessandro Sorgia, i principali esponenti dell'imprenditoria legata al turismo isolano, i rappresentanti delle associazioni di categoria, porti e aeroporti.<\/p>\n\n\n\n<p>\u201cIl settore turistico \u00e8 fondamentale per la nostra economia - afferma Lai - lavoro e turismo costituiscono un binomio inscindibile. Il turismo offre lavoro e il lavoro crea a sua volta le condizioni per incrementare un\u2019offerta turistica di alto livello e qualitativamente competitiva. La formazione fa da collante per cogliere le sfide del mercato e costruire le professionalit\u00e0 e le competenze. La Regione ha fatto la sua parte nel sostenere il costo del lavoro dell\u2019intera filiera turistica, con gli avvisi \u201cDestinazione Sardegna Lavoro\u201d abbiamo stanziato oltre 40 milioni di contributi salariali anche per il 2023. Competitivit\u00e0 - aggiunge l\u2019assessore del Lavoro -&nbsp;significa stare al passo, per non rischiare di essere tagliati fuori, mettendo sempre al centro la persona, le risorse umane costituiscono, infatti, il patrimonio imprescindibile per corrispondere in maniera adeguata alle esigenze di un mercato in continua evoluzione.\u201d<\/p>\n\n\n\n<p>L'evento ha offerto un'analisi approfondita e attuale sul panorama lavorativo nel settore del turismo da diverse prospettive. Si sono esaminati l'evoluzione del mercato del lavoro, le nuove competenze richieste e il ruolo dell'innovazione digitale. Inoltre, si \u00e8 sottolineata l\u2019importanza della rete dei professionisti esperti nell'accoglienza in Sardegna.<\/p>\n\n\n\n<p>\"Il turismo sardo \u00e8 reduce da una stagione estiva positiva - dichiara l\u2019assessore Chessa - e anche i numeri degli arrivi nei mesi autunnali prefigurano un anno record.&nbsp;Tra gennaio e ottobre&nbsp;nei porti e negli aeroporti isolani sono stati registrati&nbsp;oltre 700mila arrivi in pi\u00f9: 747.730 rispetto al 2022 e 789.332 rispetto al 2019. Non si tratta di risultati casuali, ma sono il frutto anche della promozione turistica della Regione.&nbsp;\u00c8 facile ipotizzare che chiuderemo il 2023 con&nbsp;un milione di passeggeri in pi\u00f9. Il settore turistico&nbsp;\u00e8 fondamentale per la crescita economica e occupazionale della Sardegna, soprattutto&nbsp;se riusciremo a conseguire definitivamente l'obiettivo dell'allungamento della stagione\".<\/p>\n\n\n\n<p>Durante l\u2019evento, alla conclusione degli interventi, il pubblico interessato ha avuto l'opportunit\u00e0 di esaminare le nuove proposte formative offerte dalla FA Academy e di iscriversi direttamente ai corsi disponibili in loco.&nbsp;Com<\/p>\n","protected":false},"excerpt":{"rendered":"<p>Cagliari, 23 Nov 2023\u00a0\u2013 \u201cLo Stato di Salute del Mondo del Lavoro nel Turismo in Sardegna&#8221; \u00e8 il titolo del convegno organizzato oggi a Cagliari,&#8230;<\/p>\n","protected":false},"author":2,"featured_media":242698,"comment_status":"closed","ping_status":"open","sticky":false,"template":"","format":"standard","meta":[],"categories":[49,52],"tags":[],"_links":{"self":[{"href":"https:\/\/www.cronacaonline.it\/index.php\/wp-json\/wp\/v2\/posts\/242697"}],"collection":[{"href":"https:\/\/www.cronacaonline.it\/index.php\/wp-json\/wp\/v2\/posts"}],"about":[{"href":"https:\/\/www.cronacaonline.it\/index.php\/wp-json\/wp\/v2\/types\/post"}],"author":[{"embeddable":true,"href":"https:\/\/www.cronacaonline.it\/index.php\/wp-json\/wp\/v2\/users\/2"}],"replies":[{"embeddable":true,"href":"https:\/\/www.cronacaonline.it\/index.php\/wp-json\/wp\/v2\/comments?post=242697"}],"version-history":[{"count":1,"href":"https:\/\/www.cronacaonline.it\/index.php\/wp-json\/wp\/v2\/posts\/242697\/revisions"}],"predecessor-version":[{"id":242699,"href":"https:\/\/www.cronacaonline.it\/index.php\/wp-json\/wp\/v2\/posts\/242697\/revisions\/242699"}],"wp:featuredmedia":[{"embeddable":true,"href":"https:\/\/www.cronacaonline.it\/index.php\/wp-json\/wp\/v2\/media\/242698"}],"wp:attachment":[{"href":"https:\/\/www.cronacaonline.it\/index.php\/wp-json\/wp\/v2\/media?parent=242697"}],"wp:term":[{"taxonomy":"category","embeddable":true,"href":"https:\/\/www.cronacaonline.it\/index.php\/wp-json\/wp\/v2\/categories?post=242697"},{"taxonomy":"post_tag","embeddable":true,"href":"https:\/\/www.cronacaonline.it\/index.php\/wp-json\/wp\/v2\/tags?post=242697"}],"curies":[{"name":"wp","href":"https:\/\/api.w.org\/{rel}","templated":true}]}}