{"id":242693,"date":"2023-11-23T17:39:09","date_gmt":"2023-11-23T16:39:09","guid":{"rendered":"https:\/\/www.cronacaonline.it\/?p=242693"},"modified":"2023-11-23T17:39:12","modified_gmt":"2023-11-23T16:39:12","slug":"dalla-giunta-sardegna-su-proposta-dellassessora-lai-stanziati-8-milioni-per-sostenere-settore-macellazione-lavorazione-e-conservazione-frutta","status":"publish","type":"post","link":"https:\/\/www.cronacaonline.it\/index.php\/2023\/11\/23\/dalla-giunta-sardegna-su-proposta-dellassessora-lai-stanziati-8-milioni-per-sostenere-settore-macellazione-lavorazione-e-conservazione-frutta\/","title":{"rendered":"Dalla Giunta Sardegna su proposta dell\u2019assessora Lai stanziati 8 milioni per sostenere settore macellazione, lavorazione e conservazione frutta."},"content":{"rendered":"\n<p>Cagliari, 23 Nov 2023 \u2013\u00a08\u00a0milioni di euro per sostenere il settore della macellazione, della lavorazione e conservazione di frutta e ortaggi. La Giunta sarda, nell\u2019ultima seduta ha deliberato, su proposta dell\u2019assessore del Lavoro, Ada Lai, il via libera alla ripartizione dei contributi al costo salariale.\u00a0<\/p>\n\n\n\n<p>\u201cLa Sardegna ha una vocazione agroalimentare, che vogliamo rilanciare. In analogia con altri interventi attuati in favore del tessuto produttivo regionale, come i bandi DSAL per la filiera turistica, vogliamo rilanciare altri comparti particolarmente colpiti dalla pandemia, sostenendo i costi salariali di settori economici identitari come la carne e l\u2019ortofrutta, di grande rilievo per la nostra terra.\u201d Cos\u00ec il Presidente della Regione, ha commentato l\u2019approvazione della delibera.&nbsp;<\/p>\n\n\n\n<p>Per quanto concerne le modalit\u00e0 di attuazione, l\u2019intervento prevede un aiuto ai costi salariali del personale mantenuto in servizio nell\u2019anno 2023, fino al 60 per cento della retribuzione lorda annua di ciascun lavoratore per il quale l\u2019impresa richiede l\u2019aiuto, parametrato in base al numero degli addetti e degli effettivi dell\u2019anno 2022, decurtato degli eventuali periodi di cassa integrazione goduto dal personale in forza all\u2019impresa beneficiaria.&nbsp;<\/p>\n\n\n\n<p>\u201cI contributi - spiega Lai - hanno l\u2019obiettivo di garantire i livelli occupazionali, salvaguardare le competenze e le professionalit\u00e0, aiutare le imprese a migliorare la competitivit\u00e0 e la qualit\u00e0 dei loro prodotti nei mercati di riferimento\u201d.&nbsp;<\/p>\n\n\n\n<p>Pi\u00f9 nello specifico, per le imprese del settore della lavorazione e conservazione di frutta e ortaggi, il contributo \u00e8 concesso fino ad un massimo di 200.000,00 euro per ogni soggetto beneficiario, mentre per quelle operanti nella macellazione, l\u2019aiuto \u00e8 fino ad un massimo di Euro 25.000,00 euro.&nbsp;Tra i requisiti, si richiede alle imprese beneficiare della sovvenzione di risultare formalmente costituite almeno dal 1\u00b0 gennaio 2017, la sede legale (e una sede operativa\/unit\u00e0 locale) in Sardegna, l\u2019iscrizione alla Camera di commercio industria artigianato e agricoltura; e di avere in servizio almeno un\/una lavoratore\/trice dipendente in una sede operativa in Sardegna.&nbsp;Com<\/p>\n","protected":false},"excerpt":{"rendered":"<p>Cagliari, 23 Nov 2023 \u2013\u00a08\u00a0milioni di euro per sostenere il settore della macellazione, della lavorazione e conservazione di frutta e ortaggi. La Giunta sarda, nell\u2019ultima&#8230;<\/p>\n","protected":false},"author":2,"featured_media":231046,"comment_status":"closed","ping_status":"open","sticky":false,"template":"","format":"standard","meta":[],"categories":[49,52],"tags":[],"_links":{"self":[{"href":"https:\/\/www.cronacaonline.it\/index.php\/wp-json\/wp\/v2\/posts\/242693"}],"collection":[{"href":"https:\/\/www.cronacaonline.it\/index.php\/wp-json\/wp\/v2\/posts"}],"about":[{"href":"https:\/\/www.cronacaonline.it\/index.php\/wp-json\/wp\/v2\/types\/post"}],"author":[{"embeddable":true,"href":"https:\/\/www.cronacaonline.it\/index.php\/wp-json\/wp\/v2\/users\/2"}],"replies":[{"embeddable":true,"href":"https:\/\/www.cronacaonline.it\/index.php\/wp-json\/wp\/v2\/comments?post=242693"}],"version-history":[{"count":1,"href":"https:\/\/www.cronacaonline.it\/index.php\/wp-json\/wp\/v2\/posts\/242693\/revisions"}],"predecessor-version":[{"id":242694,"href":"https:\/\/www.cronacaonline.it\/index.php\/wp-json\/wp\/v2\/posts\/242693\/revisions\/242694"}],"wp:featuredmedia":[{"embeddable":true,"href":"https:\/\/www.cronacaonline.it\/index.php\/wp-json\/wp\/v2\/media\/231046"}],"wp:attachment":[{"href":"https:\/\/www.cronacaonline.it\/index.php\/wp-json\/wp\/v2\/media?parent=242693"}],"wp:term":[{"taxonomy":"category","embeddable":true,"href":"https:\/\/www.cronacaonline.it\/index.php\/wp-json\/wp\/v2\/categories?post=242693"},{"taxonomy":"post_tag","embeddable":true,"href":"https:\/\/www.cronacaonline.it\/index.php\/wp-json\/wp\/v2\/tags?post=242693"}],"curies":[{"name":"wp","href":"https:\/\/api.w.org\/{rel}","templated":true}]}}