{"id":242686,"date":"2023-11-23T14:53:03","date_gmt":"2023-11-23T13:53:03","guid":{"rendered":"https:\/\/www.cronacaonline.it\/?p=242686"},"modified":"2023-11-23T14:53:08","modified_gmt":"2023-11-23T13:53:08","slug":"diagnosi-e-attestazione-energetica-oltre-550-gli-edifici-idonei-al-finanziamento-regionale-lassessore-saiu-primo-importante-sostegno-ai-comuni-in-vista-della-riqualificazione-dell","status":"publish","type":"post","link":"https:\/\/www.cronacaonline.it\/index.php\/2023\/11\/23\/diagnosi-e-attestazione-energetica-oltre-550-gli-edifici-idonei-al-finanziamento-regionale-lassessore-saiu-primo-importante-sostegno-ai-comuni-in-vista-della-riqualificazione-dell\/","title":{"rendered":"Diagnosi e attestazione energetica, oltre 550 gli edifici idonei al finanziamento regionale. L\u2019assessore Saiu: \u201cprimo importante sostegno ai comuni in vista della riqualificazione delle strutture\u201d."},"content":{"rendered":"\n<p>Cagliari, 23 Nov 2023\u00a0\u2013 Ampia adesione dei Comuni sardi al bando regionale per l\u2019erogazione di finanziamenti per la diagnosi energetica e attestazione energetica degli edifici pubblici di loro propriet\u00e0. Sono infatti 251 i Comuni che hanno risposto all\u2019avviso della Regione per richiedere i fondi. L\u2019obiettivo della misura, attivata dall\u2019assessorato regionale dei Lavori Pubblici, \u00e8 quello di dare un sostegno economico alle amministrazioni civiche nella promozione degli interventi di efficientamento energetico del proprio patrimonio edilizio. \u201cUn impegno importante quello della Regione sul patrimonio edilizio pubblico del territorio, basti pensare che per la riqualificazione energetica degli edifici e l\u2019illuminazione pubblica, le risorse stanziate per il 2023 in Finanziaria ammontano a 40 milioni di euro. Per il finanziamento delle diagnosi e attestazioni energetiche degli edifici pubblici abbiamo messo a disposizione dei Comuni complessivamente 1,8 milioni di euro ripartiti in 400mila euro per il 2023, 600mila per il 2024 e 800mila per il 2025. In totale sono 556 gli edifici ritenuti ammissibili al finanziamento e inseriti in graduatoria, tra teatri, mercatici civici, palazzetti dello sport, centri polivalenti, scuole, musei, biblioteche, municipi e centri d\u2019aggregazione. Appena 34 gli edifici non ammissibili, la quasi totalit\u00e0 perch\u00e9 gi\u00e0 destinatari di un finanziamento analogo a quello previsto dal bando. Ora si proceder\u00e0 allo scorrimento della graduatoria per l\u2019erogazione ai Comuni dei fondi disponibili\u201d.<\/p>\n\n\n\n<p>\u201cIl bando \u2013 precisa l\u2019assessore Saiu \u2013 rappresenta un primo importante sostegno ai Comuni in vista della direttiva europea \u2018Casa Green\u2019, sulla quale gli stati membri potrebbero arrivare presto a un accordo e che prevede, tra le altre cose, la riqualificazione energetica degli edifici pubblici nei prossimi anni. Nella programmazione POR FESR 2021-2027 sono previste importanti risorse per la riqualificazione energetica degli edifici e, per i Comuni, la certificazione energetica \u00e8 rappresenta uno strumento indispensabile per l\u2019accesso ai fondi\u201d.<\/p>\n\n\n\n<p>Le istanze sono state inserite in graduatoria attraverso un criterio che privilegiasse, in modo particolare, gli edifici pi\u00f9 utilizzati, attraverso il rapporto tra numero di utenti e dimensioni dell\u2019edificio stesso.<\/p>\n\n\n\n<p>\u201cAbbiamo impostato la misura \u2013 sottolinea l\u2019assessore Saiu \u2013 in modo da renderla semplice ed accessibile a tutti, cos\u00ec da estendere il pi\u00f9 possibile la platea dei beneficiari e garantire un\u2019equa distribuzione delle risorse\u201d, conclude l\u2019assessore Saiu. Com<\/p>\n","protected":false},"excerpt":{"rendered":"<p>Cagliari, 23 Nov 2023\u00a0\u2013 Ampia adesione dei Comuni sardi al bando regionale per l\u2019erogazione di finanziamenti per la diagnosi energetica e attestazione energetica degli edifici&#8230;<\/p>\n","protected":false},"author":2,"featured_media":230221,"comment_status":"closed","ping_status":"open","sticky":false,"template":"","format":"standard","meta":[],"categories":[49,52],"tags":[],"_links":{"self":[{"href":"https:\/\/www.cronacaonline.it\/index.php\/wp-json\/wp\/v2\/posts\/242686"}],"collection":[{"href":"https:\/\/www.cronacaonline.it\/index.php\/wp-json\/wp\/v2\/posts"}],"about":[{"href":"https:\/\/www.cronacaonline.it\/index.php\/wp-json\/wp\/v2\/types\/post"}],"author":[{"embeddable":true,"href":"https:\/\/www.cronacaonline.it\/index.php\/wp-json\/wp\/v2\/users\/2"}],"replies":[{"embeddable":true,"href":"https:\/\/www.cronacaonline.it\/index.php\/wp-json\/wp\/v2\/comments?post=242686"}],"version-history":[{"count":1,"href":"https:\/\/www.cronacaonline.it\/index.php\/wp-json\/wp\/v2\/posts\/242686\/revisions"}],"predecessor-version":[{"id":242687,"href":"https:\/\/www.cronacaonline.it\/index.php\/wp-json\/wp\/v2\/posts\/242686\/revisions\/242687"}],"wp:featuredmedia":[{"embeddable":true,"href":"https:\/\/www.cronacaonline.it\/index.php\/wp-json\/wp\/v2\/media\/230221"}],"wp:attachment":[{"href":"https:\/\/www.cronacaonline.it\/index.php\/wp-json\/wp\/v2\/media?parent=242686"}],"wp:term":[{"taxonomy":"category","embeddable":true,"href":"https:\/\/www.cronacaonline.it\/index.php\/wp-json\/wp\/v2\/categories?post=242686"},{"taxonomy":"post_tag","embeddable":true,"href":"https:\/\/www.cronacaonline.it\/index.php\/wp-json\/wp\/v2\/tags?post=242686"}],"curies":[{"name":"wp","href":"https:\/\/api.w.org\/{rel}","templated":true}]}}