{"id":242647,"date":"2023-11-22T17:25:22","date_gmt":"2023-11-22T16:25:22","guid":{"rendered":"https:\/\/www.cronacaonline.it\/?p=242647"},"modified":"2023-11-22T17:25:25","modified_gmt":"2023-11-22T16:25:25","slug":"siglato-in-consiglio-regionale-il-protocollo-dintesa-diritti-in-campo-per-la-promozione-dei-diritti-dei-minori-attraverso-lo-sport","status":"publish","type":"post","link":"https:\/\/www.cronacaonline.it\/index.php\/2023\/11\/22\/siglato-in-consiglio-regionale-il-protocollo-dintesa-diritti-in-campo-per-la-promozione-dei-diritti-dei-minori-attraverso-lo-sport\/","title":{"rendered":"Siglato in Consiglio regionale il Protocollo d\u2019intesa \u201cDiritti in campo\u201d per la promozione dei diritti dei minori attraverso lo sport."},"content":{"rendered":"\n<p>Cagliari, 22 Nov 2023 \u2013 \u00c8 stato firmato questa mattina nella sala Capigruppo del Consiglio regionale, alla presenza del Presidente del Consiglio Michele Pais, il documento \u201cDiritti in Campo\u201d ovvero il protocollo d\u2019intesa tra la Garante Regionale per l\u2019infanzia e l\u2019Adolescenza, Carla Puligheddu; la Presidente della Fondazione Giulini, Ilaria Nardi e il Presidente della Fondazione Dinamo, Antonio Tilocca.\u00a0 Sono intervenuti anche Giovanna Allegri, Direttrice del Centro Giustizia Minorile per la Sardegna, e il Direttore dell\u2019IPM di Quartucciu, Enrico Zucca.\u00a0<\/p>\n\n\n\n<p>La sigla del documento, inedito a livello regionale ma anche nazionale, nella settimana celebrativa della Convenzione Onu del 1989 sui diritti del fanciullo, intende affermare l\u2019importanza di collaborare e di rafforzare la condivisione di obiettivi fra l\u2019Istituzione di Garanzia del Consiglio Regionale e le due Fondazioni, affinch\u00e9 la promozione dei diritti dell\u2019infanzia e dell\u2019adolescenza costituisca il comune impegno in tutto il territorio della Sardegna.<\/p>\n\n\n\n<p>Per il Presidente Pais si tratta di un primo, importante tassello che parte dal Consiglio regionale \u201cLa sede della firma di questo protocollo d\u2019intesa non poteva essere che l\u2019Assemblea legislativa: Lo sport e la scuola sono ambiti privilegiati dove promuovere quella cultura del benessere necessaria alla crescita dei nostri ragazzi\u201d.<\/p>\n\n\n\n<p>&nbsp;\u201cAbbiamo scelto due societ\u00e0 tra le pi\u00f9 rappresentative dello sport sardo: il Cagliari Calcio e la Dinamo Basket Sassari, come partner di questo progetto a voler dimostrare che i valori dello sport sono condivisi e dialogano tra territori dell\u2019isola, da nord a sud\u201d.<\/p>\n\n\n\n<p>La Presidente della Fondazione Giulini Ilaria Nardi ha auspicato l\u2019allargamento del Protocollo a tutto il mondo dello sport isolano e il presidente della Fondazione Dinamo Antonio Tilocca ha sottolineato l\u2019importanza dello sport che \u201ceduca alle regole e stimola il senso di appartenenza\u201d.<\/p>\n\n\n\n<p>Il Protocollo prevede una campagna mediatica incisiva da realizzare con il coinvolgimento delle Parti, da divulgare attraverso i canali televisivi regionali, in coincidenza con la Giornata internazionale dello Sport per lo Sviluppo e la Pace istituita dalle Nazioni Unite e celebrata il 6 aprile di ogni anno, anche in relazione all\u2019introduzione del comma all\u2019art. 33 della Costituzione (approvato all\u2019unanimit\u00e0 dalla Camera dei Deputati) il giorno 20 settembre 2023, che recita: \u201cLa Repubblica riconosce il valore educativo, sociale e di promozione del benessere psicofisico dell\u2019attivit\u00e0 sportiva in tutte le sue forme\u201d. Una data, il 6 aprile, che per la Garante e le due Fondazioni, rappresenta il riconoscimento del ruolo positivo che lo sport e l'attivit\u00e0 fisica svolgono nelle comunit\u00e0 e nella vita delle persone in tutto il mondo e dell\u2019influenza positiva che pu\u00f2 avere sul progresso dei diritti umani dei bambini e delle bambine, degli e delle Adolescenti.<\/p>\n\n\n\n<p>Verranno, inoltre, condivise due giornate solidali dedicate ai pi\u00f9 fragili, perch\u00e9 privati della libert\u00e0, presso l\u2019Istituto Penale per Minorenni, di Quartucciu, \u201cla comunit\u00e0 con le sbarre\u201d cos\u00ec la definisce il direttore Enrico Zucca, nel periodo delle festivit\u00e0 natalizie e pasquali. Giornate di sport e convivialit\u00e0, ma soprattutto di relazioni tra i minori che vivono un percorso di recupero umano e sociale e il mondo esterno che li attende e si prepara a riaccoglierli, realizzando una rete di integrazione, di sostegno educativo e sociale.<\/p>\n\n\n\n<p>La Garante ha voluto soffermarsi sulla necessit\u00e0 di garantire a tutti i minori il diritto del Fare sport, fondamentale per un sano ed armonioso sviluppo, per la possibilit\u00e0 di socializzare sperimentando le regole della collaborazione, sollecitando l\u2019acquisizione di una maggiore consapevolezza di s\u00e9 e di apprendimento della disciplina e delle regole.&nbsp; Il mancato coinvolgimento in attivit\u00e0 stimolanti ed educative, in grado di formare la persona nella sua integrit\u00e0, lascia nei minori un vuoto che troppo spesso \u00e8 colmato con attivit\u00e0 inadeguate e devianti (come le ore trascorse davanti ad uno schermo). Com<\/p>\n","protected":false},"excerpt":{"rendered":"<p>Cagliari, 22 Nov 2023 \u2013 \u00c8 stato firmato questa mattina nella sala Capigruppo del Consiglio regionale, alla presenza del Presidente del Consiglio Michele Pais, il&#8230;<\/p>\n","protected":false},"author":2,"featured_media":231952,"comment_status":"closed","ping_status":"open","sticky":false,"template":"","format":"standard","meta":[],"categories":[49,52],"tags":[],"_links":{"self":[{"href":"https:\/\/www.cronacaonline.it\/index.php\/wp-json\/wp\/v2\/posts\/242647"}],"collection":[{"href":"https:\/\/www.cronacaonline.it\/index.php\/wp-json\/wp\/v2\/posts"}],"about":[{"href":"https:\/\/www.cronacaonline.it\/index.php\/wp-json\/wp\/v2\/types\/post"}],"author":[{"embeddable":true,"href":"https:\/\/www.cronacaonline.it\/index.php\/wp-json\/wp\/v2\/users\/2"}],"replies":[{"embeddable":true,"href":"https:\/\/www.cronacaonline.it\/index.php\/wp-json\/wp\/v2\/comments?post=242647"}],"version-history":[{"count":1,"href":"https:\/\/www.cronacaonline.it\/index.php\/wp-json\/wp\/v2\/posts\/242647\/revisions"}],"predecessor-version":[{"id":242648,"href":"https:\/\/www.cronacaonline.it\/index.php\/wp-json\/wp\/v2\/posts\/242647\/revisions\/242648"}],"wp:featuredmedia":[{"embeddable":true,"href":"https:\/\/www.cronacaonline.it\/index.php\/wp-json\/wp\/v2\/media\/231952"}],"wp:attachment":[{"href":"https:\/\/www.cronacaonline.it\/index.php\/wp-json\/wp\/v2\/media?parent=242647"}],"wp:term":[{"taxonomy":"category","embeddable":true,"href":"https:\/\/www.cronacaonline.it\/index.php\/wp-json\/wp\/v2\/categories?post=242647"},{"taxonomy":"post_tag","embeddable":true,"href":"https:\/\/www.cronacaonline.it\/index.php\/wp-json\/wp\/v2\/tags?post=242647"}],"curies":[{"name":"wp","href":"https:\/\/api.w.org\/{rel}","templated":true}]}}