{"id":242643,"date":"2023-11-22T15:44:52","date_gmt":"2023-11-22T14:44:52","guid":{"rendered":"https:\/\/www.cronacaonline.it\/?p=242643"},"modified":"2023-11-22T15:44:55","modified_gmt":"2023-11-22T14:44:55","slug":"esame-del-disegno-di-legge-n-39-della-giunta-regionale-su-modifiche-alla-legge-di-stabilita-2023-2025-variazione-di-bilancio-2023-2025-e-riconoscimenti-di-debiti-fuori-bilancio-ap","status":"publish","type":"post","link":"https:\/\/www.cronacaonline.it\/index.php\/2023\/11\/22\/esame-del-disegno-di-legge-n-39-della-giunta-regionale-su-modifiche-alla-legge-di-stabilita-2023-2025-variazione-di-bilancio-2023-2025-e-riconoscimenti-di-debiti-fuori-bilancio-ap\/","title":{"rendered":"Esame del disegno di legge n. 39 della Giunta regionale su \u201cModifiche alla legge di stabilit\u00e0 2023-2025, variazione di bilancio 2023-2025 e riconoscimenti di debiti fuori bilancio \u2013 approvato il passaggio agli articoli."},"content":{"rendered":"\n<p>Cagliari, 22 novembre 2023 - La seduta del Consiglio regionale \u00e8 stata aperta dal presidente del Consiglio, Michele Pais. L\u2019Aula ha proseguito l\u2019esame del disegno di legge n. 396\/A Giunta regionale \u201cModifiche alla legge di stabilit\u00e0 2023-2025, variazione di bilancio 2023-2025 e riconoscimenti di debiti fuori bilancio\u201d.\u00a0In discussione generale sono intervenuti i consiglieri Gianfranco Ganau (Pd), Daniele Cocco (Arv), Laura Caddeo (Arv), Desir\u00e9 Manca (M5S), Maria Laura Orr\u00f9 (Arv), Alessandro Solinas (M5S), Francesco Agus (Progressisti), Antonello Peru (Il Grande Centro), Eugenio Lai (Arv) e l\u2019assessore regionale del Bilancio, Giuseppe Fasolino. Il Consiglio regionale ha approvato il passaggio agli articoli.<\/p>\n\n\n\n<p>Il termine ultimo per la presentazione degli emendamenti \u00e8 stato fissato per luned\u00ec, 27 novembre, alle 12. Per marted\u00ec, 28 novembre, alle 9.30, \u00e8 stata convocata la Terza commissione (Bilancio) per l\u2019esame degli emendamenti, mentre alle 10,30 si riunir\u00e0 il Consiglio regionale per proseguire l\u2019esame del DL 396\/A.<\/p>\n\n\n\n<p>Il Consiglio regionale si riunir\u00e0 marted\u00ec prossimo, 28 novembre, alle 10.30. Com<\/p>\n","protected":false},"excerpt":{"rendered":"<p>Cagliari, 22 novembre 2023 &#8211; La seduta del Consiglio regionale \u00e8 stata aperta dal presidente del Consiglio, Michele Pais. L\u2019Aula ha proseguito l\u2019esame del disegno&#8230;<\/p>\n","protected":false},"author":2,"featured_media":239834,"comment_status":"closed","ping_status":"open","sticky":false,"template":"","format":"standard","meta":[],"categories":[49,52],"tags":[],"_links":{"self":[{"href":"https:\/\/www.cronacaonline.it\/index.php\/wp-json\/wp\/v2\/posts\/242643"}],"collection":[{"href":"https:\/\/www.cronacaonline.it\/index.php\/wp-json\/wp\/v2\/posts"}],"about":[{"href":"https:\/\/www.cronacaonline.it\/index.php\/wp-json\/wp\/v2\/types\/post"}],"author":[{"embeddable":true,"href":"https:\/\/www.cronacaonline.it\/index.php\/wp-json\/wp\/v2\/users\/2"}],"replies":[{"embeddable":true,"href":"https:\/\/www.cronacaonline.it\/index.php\/wp-json\/wp\/v2\/comments?post=242643"}],"version-history":[{"count":1,"href":"https:\/\/www.cronacaonline.it\/index.php\/wp-json\/wp\/v2\/posts\/242643\/revisions"}],"predecessor-version":[{"id":242644,"href":"https:\/\/www.cronacaonline.it\/index.php\/wp-json\/wp\/v2\/posts\/242643\/revisions\/242644"}],"wp:featuredmedia":[{"embeddable":true,"href":"https:\/\/www.cronacaonline.it\/index.php\/wp-json\/wp\/v2\/media\/239834"}],"wp:attachment":[{"href":"https:\/\/www.cronacaonline.it\/index.php\/wp-json\/wp\/v2\/media?parent=242643"}],"wp:term":[{"taxonomy":"category","embeddable":true,"href":"https:\/\/www.cronacaonline.it\/index.php\/wp-json\/wp\/v2\/categories?post=242643"},{"taxonomy":"post_tag","embeddable":true,"href":"https:\/\/www.cronacaonline.it\/index.php\/wp-json\/wp\/v2\/tags?post=242643"}],"curies":[{"name":"wp","href":"https:\/\/api.w.org\/{rel}","templated":true}]}}