{"id":242631,"date":"2023-11-22T10:32:44","date_gmt":"2023-11-22T09:32:44","guid":{"rendered":"https:\/\/www.cronacaonline.it\/?p=242631"},"modified":"2023-11-22T10:32:48","modified_gmt":"2023-11-22T09:32:48","slug":"ieri-a-cagliari-presentata-la-prima-bozza-del-programma-della-coalizione-di-centrosinistra-alle-prossime-elezioni-regionali-della-regione-sardegna-e-candidata-alla-presidenza-alessandra-todde","status":"publish","type":"post","link":"https:\/\/www.cronacaonline.it\/index.php\/2023\/11\/22\/ieri-a-cagliari-presentata-la-prima-bozza-del-programma-della-coalizione-di-centrosinistra-alle-prossime-elezioni-regionali-della-regione-sardegna-e-candidata-alla-presidenza-alessandra-todde\/","title":{"rendered":"Ieri a Cagliari presentata la prima bozza del programma della coalizione di centrosinistra alle prossime elezioni regionali della Regione Sardegna e candidata alla presidenza Alessandra Todde."},"content":{"rendered":"\n<p>Cagliari, 22 Nov 203 - Ieri a Cagliari \u00e8 stata presentata la prima bozza del programma della coalizione di centrosinistra, frutto del lavoro intenso di oltre cento persone in rappresentanza dei partiti, dei movimenti e delle associazioni, coordinati da dieci autorevoli esponenti della cultura e della politica sarda.<\/p>\n\n\n\n<p>La bozza, che prevede 150 azioni specifiche destinate a cambiare profondamente la Sardegna e a rispondere ai bisogni delle persone, delle forze produttive, delle associazioni di cittadini, sar\u00e0 oggetto di una consultazione con tutti i soggetti della societ\u00e0: sindacati, organizzazioni economiche, categorie professionali, operatori del terzo settore, singoli cittadini.&nbsp;N\u00e9 il programma di governo n\u00e9 la candidata alla Presidenza della Regione derivano da scelte calate dall\u2019alto, ma sono frutto di un grande lavoro di squadra che ha coinvolto e continuer\u00e0 a coinvolgere la societ\u00e0 sarda, quella organizzata in forme associative e quella costituita da singole persone che intendono partecipare al processo di rinnovamento della Sardegna.<\/p>\n\n\n\n<p>Con uno spirito unitario e con un impegno continuo,&nbsp;Sinistra Futura&nbsp;ha partecipato a tutti i tavoli programmatici, apportandovi idee e proposte, anch\u2019esse frutto di un\u2019azione collettiva che ha rimesso in movimento energie e passioni diffuse in tutti i territori della nostra isola.<\/p>\n\n\n\n<p>Tale impegno proseguir\u00e0 nelle prossime settimane, durante le quali \u2013&nbsp;insieme alla candidata Alessandra Todde&nbsp;\u2013 dovr\u00e0 essere esperito ogni tentativo per&nbsp;ricostituire e allargare la coalizione, avendo come base, come enunciato fin dall\u2019inizio, le scelte programmatiche, che devono costituire e rappresentare quell\u2019unit\u00e0 nella diversit\u00e0 pi\u00f9 volte proclamata. \u00c8 nel confronto e nel dialogo, non nella polemica infinita, che si pu\u00f2 raggiungere tale obiettivo.<\/p>\n\n\n\n<p>Sinistra Futura&nbsp;auspica, perci\u00f2, che si dia vita rapidamente a una forma organizzativa efficace, senza preclusioni verso alcuna organizzazione politica o sociale, ad eccezione di quelle che, finora o a partire da oggi, hanno sostenuto o sostengono il fallimentare governo della destra che ha ridotto la Sardegna nelle condizioni miserevoli in cui si trova. Com<\/p>\n","protected":false},"excerpt":{"rendered":"<p>Cagliari, 22 Nov 203 &#8211; Ieri a Cagliari \u00e8 stata presentata la prima bozza del programma della coalizione di centrosinistra, frutto del lavoro intenso di&#8230;<\/p>\n","protected":false},"author":2,"featured_media":242234,"comment_status":"closed","ping_status":"open","sticky":false,"template":"","format":"standard","meta":[],"categories":[49,52],"tags":[],"_links":{"self":[{"href":"https:\/\/www.cronacaonline.it\/index.php\/wp-json\/wp\/v2\/posts\/242631"}],"collection":[{"href":"https:\/\/www.cronacaonline.it\/index.php\/wp-json\/wp\/v2\/posts"}],"about":[{"href":"https:\/\/www.cronacaonline.it\/index.php\/wp-json\/wp\/v2\/types\/post"}],"author":[{"embeddable":true,"href":"https:\/\/www.cronacaonline.it\/index.php\/wp-json\/wp\/v2\/users\/2"}],"replies":[{"embeddable":true,"href":"https:\/\/www.cronacaonline.it\/index.php\/wp-json\/wp\/v2\/comments?post=242631"}],"version-history":[{"count":1,"href":"https:\/\/www.cronacaonline.it\/index.php\/wp-json\/wp\/v2\/posts\/242631\/revisions"}],"predecessor-version":[{"id":242632,"href":"https:\/\/www.cronacaonline.it\/index.php\/wp-json\/wp\/v2\/posts\/242631\/revisions\/242632"}],"wp:featuredmedia":[{"embeddable":true,"href":"https:\/\/www.cronacaonline.it\/index.php\/wp-json\/wp\/v2\/media\/242234"}],"wp:attachment":[{"href":"https:\/\/www.cronacaonline.it\/index.php\/wp-json\/wp\/v2\/media?parent=242631"}],"wp:term":[{"taxonomy":"category","embeddable":true,"href":"https:\/\/www.cronacaonline.it\/index.php\/wp-json\/wp\/v2\/categories?post=242631"},{"taxonomy":"post_tag","embeddable":true,"href":"https:\/\/www.cronacaonline.it\/index.php\/wp-json\/wp\/v2\/tags?post=242631"}],"curies":[{"name":"wp","href":"https:\/\/api.w.org\/{rel}","templated":true}]}}