{"id":242619,"date":"2023-11-21T19:34:44","date_gmt":"2023-11-21T18:34:44","guid":{"rendered":"https:\/\/www.cronacaonline.it\/?p=242619"},"modified":"2023-11-21T19:34:47","modified_gmt":"2023-11-21T18:34:47","slug":"consiglio-sardegna-approvata-allunanimita-la-pl-su-disposizioni-urgenti-in-materia-di-interventi-rivolti-alle-persone-con-disabilita-e-non-autosufficienza","status":"publish","type":"post","link":"https:\/\/www.cronacaonline.it\/index.php\/2023\/11\/21\/consiglio-sardegna-approvata-allunanimita-la-pl-su-disposizioni-urgenti-in-materia-di-interventi-rivolti-alle-persone-con-disabilita-e-non-autosufficienza\/","title":{"rendered":"Consiglio Sardegna &#8211; Approvata all\u2019unanimit\u00e0 la PL su \u201cDisposizioni urgenti in materia di interventi rivolti alle persone con disabilit\u00e0 e non autosufficienza\u201d."},"content":{"rendered":"\n<p>Cagliari, 21 Nov 2023 - La seduta del Consiglio regionale \u00e8 stata aperta dal presidente del Consiglio, Michele Pais. E dopo le formalit\u00e0 di rito, l\u2019Aula ha iniziato l\u2019esame della proposta di legge n. 399 \u201cDisposizioni urgenti in materia di interventi rivolti alle persone con disabilit\u00e0 e non autosufficienza\u201d, sottoscritta da tutti i gruppi di maggioranza e minoranza. La proposta di legge\u00a0ha l\u2019obiettivo di garantire la continuit\u00e0 degli interventi assistenziali rivolti alle persone con disabilit\u00e0 e non autosufficienza. Il testo prevede l\u2019integrazione dei fondi necessari a garantire la continuit\u00e0 dei piani personalizzati con un importo di 36 milioni di euro, suddivisi nelle tre annualit\u00e0 2023, 2024 e 2025 (12 milioni per anno).<\/p>\n\n\n\n<p>La proposta di legge \u00e8 stata illustrata dal primo firmatario, Michele Ennas (Lega). Con 51 voti favorevoli il testo di legge \u00e8 stato approvato alla unanimit\u00e0. Via libera anche agli emendamenti n.1 e n.2 all\u2019articolo 1. Sono intervenuti:&nbsp;Annalisa Mele (Riformatori), Daniele Cocco (Arv), Francesco Agus (Progressisti), Franco Mula (Il Grande Centro), Diego Loi (Arv).<\/p>\n\n\n\n<p>Il presidente Pais ha, poi, dato comunicazione che i consiglieri Antonello Peru e Dino Cocco, appartenenti al Gruppo Il Grande Centro, hanno comunicato di rappresentare all\u2019interno del gruppo, la formazione politica denominata \u201cSardegna al Centro 20Venti\u201d.&nbsp;<\/p>\n\n\n\n<p>Il Consiglio \u00e8 poi passato all\u2019esame del secondo punto all\u2019ordine del giorno il disegno di legge n. 396\/A Giunta regionale \u201cModifiche alla legge di stabilit\u00e0 2023-2025, variazione di bilancio 2023-2025 e riconoscimenti di debiti fuori bilancio\u201d. Il testo \u00e8 stato illustrato dal relatore di maggioranza, Stefano Schirru (Il Grande Centro), presidente della commissione Bilancio, e dal relatore di minoranza Cesare Moriconi (Pd), vice presidente della commissione Bilancio.<\/p>\n\n\n\n<p>Il DL 396 (Modifiche alla legge di stabilit\u00e0 2023-2025, variazioni al bilancio 2023-2025 e riconoscimento di debiti fuori bilancio) \u00e8 un provvedimento da un miliardo di euro. Sono previsti, tra l\u2019altro, 100 milioni di incremento del Fondo unico per il finanziamento delle Autonomie locali, 14 milioni per l\u2019abbattimento delle liste d\u2019attesa, 250 milioni per le opere pubbliche, 20 milioni per la costruzione di impianti per la produzione di energia idroelettrica e 18 milioni per la viabilit\u00e0. &nbsp;&nbsp;<\/p>\n\n\n\n<p>Sono intervenuti in discussione generale i consiglieri Massino Zedda (Progressisti), Roberto Li Gioi (M5S), Antonio Piu (Arv), Eugenio Lai (Arv), Michele Cossa (Riformatori) e Francesco Agus (Progressisti). La seduta \u00e8 stata chiusa e la discussione generale proseguir\u00e0 domani mattina alle 10.<\/p>\n","protected":false},"excerpt":{"rendered":"<p>Cagliari, 21 Nov 2023 &#8211; La seduta del Consiglio regionale \u00e8 stata aperta dal presidente del Consiglio, Michele Pais. E dopo le formalit\u00e0 di rito,&#8230;<\/p>\n","protected":false},"author":2,"featured_media":239834,"comment_status":"closed","ping_status":"open","sticky":false,"template":"","format":"standard","meta":[],"categories":[49,52],"tags":[],"_links":{"self":[{"href":"https:\/\/www.cronacaonline.it\/index.php\/wp-json\/wp\/v2\/posts\/242619"}],"collection":[{"href":"https:\/\/www.cronacaonline.it\/index.php\/wp-json\/wp\/v2\/posts"}],"about":[{"href":"https:\/\/www.cronacaonline.it\/index.php\/wp-json\/wp\/v2\/types\/post"}],"author":[{"embeddable":true,"href":"https:\/\/www.cronacaonline.it\/index.php\/wp-json\/wp\/v2\/users\/2"}],"replies":[{"embeddable":true,"href":"https:\/\/www.cronacaonline.it\/index.php\/wp-json\/wp\/v2\/comments?post=242619"}],"version-history":[{"count":1,"href":"https:\/\/www.cronacaonline.it\/index.php\/wp-json\/wp\/v2\/posts\/242619\/revisions"}],"predecessor-version":[{"id":242620,"href":"https:\/\/www.cronacaonline.it\/index.php\/wp-json\/wp\/v2\/posts\/242619\/revisions\/242620"}],"wp:featuredmedia":[{"embeddable":true,"href":"https:\/\/www.cronacaonline.it\/index.php\/wp-json\/wp\/v2\/media\/239834"}],"wp:attachment":[{"href":"https:\/\/www.cronacaonline.it\/index.php\/wp-json\/wp\/v2\/media?parent=242619"}],"wp:term":[{"taxonomy":"category","embeddable":true,"href":"https:\/\/www.cronacaonline.it\/index.php\/wp-json\/wp\/v2\/categories?post=242619"},{"taxonomy":"post_tag","embeddable":true,"href":"https:\/\/www.cronacaonline.it\/index.php\/wp-json\/wp\/v2\/tags?post=242619"}],"curies":[{"name":"wp","href":"https:\/\/api.w.org\/{rel}","templated":true}]}}