{"id":242609,"date":"2023-11-21T16:46:28","date_gmt":"2023-11-21T15:46:28","guid":{"rendered":"https:\/\/www.cronacaonline.it\/?p=242609"},"modified":"2023-11-21T16:46:30","modified_gmt":"2023-11-21T15:46:30","slug":"ospedale-businco-in-funzione-il-nuovo-acceleratore-nella-radioterapia-il-presidente-sardegna-fondamentale-garantire-cure-oncologiche-moderne-allaltezza-delle-aspettative-dei-sardi","status":"publish","type":"post","link":"https:\/\/www.cronacaonline.it\/index.php\/2023\/11\/21\/ospedale-businco-in-funzione-il-nuovo-acceleratore-nella-radioterapia-il-presidente-sardegna-fondamentale-garantire-cure-oncologiche-moderne-allaltezza-delle-aspettative-dei-sardi\/","title":{"rendered":"Ospedale Businco, in funzione il nuovo acceleratore nella radioterapia. Il presidente Sardegna: \u201cfondamentale garantire cure oncologiche moderne all\u2019altezza delle aspettative dei sardi\u201d."},"content":{"rendered":"\n<p>Cagliari, 21 Nov 2023 \u2013 \u201cOggi diamo testimonianza di quella sanit\u00e0 che funziona, di quella sanit\u00e0 pubblica che fa meritoriamente passi in avanti. Riportiamo l'oncologia pubblica in Sardegna al livello che merita, perch\u00e9 la dotiamo di attrezzature, strumentazioni e tecnologia che non solo la rimettono in pari rispetto ad altre iniziative private, ma la rendono competitiva a livello nazionale\u201d. Lo dichiara il Presidente della Regione Sardegna, oggi in visita all\u2019ospedale oncologico Businco, di Cagliari, in occasione dell\u2019entrata in funzione del nuovo acceleratore lineare Linac, il primo delle quattro grandi apparecchiature di ultima generazione previste nel piano di ammodernamento della radioterapia nel centro di riferimento regionale per le cure oncologiche della Sardegna. Nei prossimi mesi, sempre nell\u2019ospedale Businco, \u00e8 prevista l\u2019installazione di un secondo Linac e di una tomoterapia elicoidale. L\u2019ospedale di Cagliari sar\u00e0 inoltre uno dei quattro centri in Italia ad ospitare il Cyberknife, apparecchiatura all\u2019avanguardia nelle cure dei tumori.<\/p>\n\n\n\n<p>\u201cFin dall\u2019inizio \u2013 ha sottolineato il Presidente \u2013 abbiamo preso l\u2019impegno di dare un'attenzione particolare all'ospedale oncologico, garantendo, da parte della Regione, tutto il supporto necessario per portare a compimento gli investimenti non solo in tecnologia ma anche strutturali e infrastrutturali. Il nuovo acceleratore lineare rappresenta un primo risultato concreto\u201d.<\/p>\n\n\n\n<p>\u201cGrazie alle nuove tecnologie diamo ai pazienti e ai professionisti nuove speranze e nuove aspettative. Mi auguro a breve \u2013 ha sottolineato in merito al progetto del nuovo ospedale \u2013 di poter anche dare certezze rispetto a una nuova casa nella quale possano essere svolte tutte queste attivit\u00e0 al meglio. Nell\u2019ospedale San Michele procedono tutte le attivit\u00e0 relative alla piastra tecnologica che \u00e8 stata prevista per migliorare la capacit\u00e0 dei blocchi operatori, ma questo non esclude il poter dare, soprattutto ai reparti di oncologia, ai reparti che sono maggiormente in sofferenza rispetto agli spazi e alla loro adeguatezza, un nuovo presidio che possa offrire i migliori e pi\u00f9 moderni standard da un punto di vista non solo strutturale e tecnologico, ma anche sul piano dell'ospitalit\u00e0\u201d.<\/p>\n\n\n\n<p>Il Presidente ha inoltre ricordato le difficolt\u00e0 legate all\u2019attuale carenza di medici in alcune specialit\u00e0: \u201cPurtroppo dei tanti concorsi banditi in questi anni, spesso non si riesce neanche a coprire il numero di posti messi a concorso con il numero dei partecipanti. C'\u00e8 una emergenza enorme nel settore dell'anestesia e della rianimazione. C'\u00e8 un grande problema sui medici dell'emergenza urgenza. Addirittura incontriamo problemi nelle scuole di specializzazione rispetto a queste discipline. Pur avendo scommesso tanto come Regione sulle borse di specializzazione, portandole ad un numero veramente importante su alcune discipline specifiche, abbiamo registrato pochissime domande e siamo in attesa di un riequilibrio a livello nazionale, attraverso una soluzione con il ministero e con le universit\u00e0, in maniera da garantire copertura a tutti i posti messi a disposizione\u201d.<\/p>\n\n\n\n<p>Sul futuro dell\u2019Arnas G. Brotzu il presidente ha concluso con un riferimento ai nuovi reparti: \u201cAuspico che all'interno dell'azienda possa nel pi\u00f9 breve tempo possibile portare a compimento il percorso di apertura dei posti di rianimazione pediatrica, per essere in grado di dare un tipo d\u2019assistenza che deve poter essere svolta in Sardegna senza dover continuamente ricorrere a trasferimenti e viaggi verso le altre regioni\u201d. Com<\/p>\n","protected":false},"excerpt":{"rendered":"<p>Cagliari, 21 Nov 2023 \u2013 \u201cOggi diamo testimonianza di quella sanit\u00e0 che funziona, di quella sanit\u00e0 pubblica che fa meritoriamente passi in avanti. Riportiamo l&#8217;oncologia&#8230;<\/p>\n","protected":false},"author":2,"featured_media":242610,"comment_status":"closed","ping_status":"open","sticky":false,"template":"","format":"standard","meta":[],"categories":[49,52],"tags":[],"_links":{"self":[{"href":"https:\/\/www.cronacaonline.it\/index.php\/wp-json\/wp\/v2\/posts\/242609"}],"collection":[{"href":"https:\/\/www.cronacaonline.it\/index.php\/wp-json\/wp\/v2\/posts"}],"about":[{"href":"https:\/\/www.cronacaonline.it\/index.php\/wp-json\/wp\/v2\/types\/post"}],"author":[{"embeddable":true,"href":"https:\/\/www.cronacaonline.it\/index.php\/wp-json\/wp\/v2\/users\/2"}],"replies":[{"embeddable":true,"href":"https:\/\/www.cronacaonline.it\/index.php\/wp-json\/wp\/v2\/comments?post=242609"}],"version-history":[{"count":1,"href":"https:\/\/www.cronacaonline.it\/index.php\/wp-json\/wp\/v2\/posts\/242609\/revisions"}],"predecessor-version":[{"id":242611,"href":"https:\/\/www.cronacaonline.it\/index.php\/wp-json\/wp\/v2\/posts\/242609\/revisions\/242611"}],"wp:featuredmedia":[{"embeddable":true,"href":"https:\/\/www.cronacaonline.it\/index.php\/wp-json\/wp\/v2\/media\/242610"}],"wp:attachment":[{"href":"https:\/\/www.cronacaonline.it\/index.php\/wp-json\/wp\/v2\/media?parent=242609"}],"wp:term":[{"taxonomy":"category","embeddable":true,"href":"https:\/\/www.cronacaonline.it\/index.php\/wp-json\/wp\/v2\/categories?post=242609"},{"taxonomy":"post_tag","embeddable":true,"href":"https:\/\/www.cronacaonline.it\/index.php\/wp-json\/wp\/v2\/tags?post=242609"}],"curies":[{"name":"wp","href":"https:\/\/api.w.org\/{rel}","templated":true}]}}