{"id":242579,"date":"2023-11-20T18:46:15","date_gmt":"2023-11-20T17:46:15","guid":{"rendered":"https:\/\/www.cronacaonline.it\/?p=242579"},"modified":"2023-11-20T18:46:19","modified_gmt":"2023-11-20T17:46:19","slug":"la-festa-dellunita-torna-a-cagliari-due-giorni-di-comunita-cultura-e-divertimento-elly-schlein-segretaria-nazionale-che-interverra-venerdi-24-alle-1830","status":"publish","type":"post","link":"https:\/\/www.cronacaonline.it\/index.php\/2023\/11\/20\/la-festa-dellunita-torna-a-cagliari-due-giorni-di-comunita-cultura-e-divertimento-elly-schlein-segretaria-nazionale-che-interverra-venerdi-24-alle-1830\/","title":{"rendered":"La Festa dell&#8217;Unit\u00e0 torna a Cagliari: Due giorni di Comunit\u00e0, Cultura e Divertimento.  Elly Schlein, segretaria nazionale, che interverr\u00e0 venerd\u00ec 24 alle 18:30 ."},"content":{"rendered":"\n<p>Cagliari, 20 Nov 2023 - Dopo una lunga attesa, la storica Festa dell'Unit\u00e0 fa il suo ritorno a Cagliari. La celebrazione di comunit\u00e0 e condivisione si terr\u00e0 il 24 e 25 novembre presso il Padiglione G della Fiera, segnando un momento di incontro e di dialogo nella vita culturale e politico della citt\u00e0.<br>L\u2019evento, organizzato dalla segreteria cittadina del Partito Democratico, in collaborazione con la segreteria provinciale e regionale si pone come il primo di una serie di eventi che animeranno il dibattito pubblico nei mesi a venire.<br>Tra gli ospiti previsti per lo storico evento del Partito Democratico anche Elly Schlein, segretaria nazionale, che interverr\u00e0 venerd\u00ec 24 alle 18:30 per una sessione di dialogo aperto con i partecipanti.<br>La Festa dell'Unit\u00e0 \u00e8 pi\u00f9 che un evento, \u00e8 una manifestazione di valori condivisi e di impegno civico. In quest'ottica, il weekend sar\u00e0 ricco di ospiti locali e nazionali che contribuiranno a stimolare lo scambio di idee in prospettiva delle prossime scadenze elettorali.<br>Invitiamo tutti i cittadini e le cittadine a unirsi a noi in questa festa di unit\u00e0 e di speranza, per riscoprire insieme il senso di comunit\u00e0 e riscoprirsi ancora una volta \u201cnoi\u201d.<br>Nel pieno della tradizione non mancheranno momenti di intrattenimento con musica dal vivo e spettacoli di stand up comedy, buon cibo e divertimento.<br>Prevista un'area dedicata ai bambini, attrezzata per offrire divertimento e attivit\u00e0 educative per tutta la durata dell'evento, permettendo cos\u00ec alle famiglie di partecipare in piena libert\u00e0. Com<\/p>\n","protected":false},"excerpt":{"rendered":"<p>Cagliari, 20 Nov 2023 &#8211; Dopo una lunga attesa, la storica Festa dell&#8217;Unit\u00e0 fa il suo ritorno a Cagliari. La celebrazione di comunit\u00e0 e condivisione&#8230;<\/p>\n","protected":false},"author":2,"featured_media":242580,"comment_status":"closed","ping_status":"open","sticky":false,"template":"","format":"standard","meta":[],"categories":[49,52],"tags":[],"_links":{"self":[{"href":"https:\/\/www.cronacaonline.it\/index.php\/wp-json\/wp\/v2\/posts\/242579"}],"collection":[{"href":"https:\/\/www.cronacaonline.it\/index.php\/wp-json\/wp\/v2\/posts"}],"about":[{"href":"https:\/\/www.cronacaonline.it\/index.php\/wp-json\/wp\/v2\/types\/post"}],"author":[{"embeddable":true,"href":"https:\/\/www.cronacaonline.it\/index.php\/wp-json\/wp\/v2\/users\/2"}],"replies":[{"embeddable":true,"href":"https:\/\/www.cronacaonline.it\/index.php\/wp-json\/wp\/v2\/comments?post=242579"}],"version-history":[{"count":1,"href":"https:\/\/www.cronacaonline.it\/index.php\/wp-json\/wp\/v2\/posts\/242579\/revisions"}],"predecessor-version":[{"id":242581,"href":"https:\/\/www.cronacaonline.it\/index.php\/wp-json\/wp\/v2\/posts\/242579\/revisions\/242581"}],"wp:featuredmedia":[{"embeddable":true,"href":"https:\/\/www.cronacaonline.it\/index.php\/wp-json\/wp\/v2\/media\/242580"}],"wp:attachment":[{"href":"https:\/\/www.cronacaonline.it\/index.php\/wp-json\/wp\/v2\/media?parent=242579"}],"wp:term":[{"taxonomy":"category","embeddable":true,"href":"https:\/\/www.cronacaonline.it\/index.php\/wp-json\/wp\/v2\/categories?post=242579"},{"taxonomy":"post_tag","embeddable":true,"href":"https:\/\/www.cronacaonline.it\/index.php\/wp-json\/wp\/v2\/tags?post=242579"}],"curies":[{"name":"wp","href":"https:\/\/api.w.org\/{rel}","templated":true}]}}