{"id":242502,"date":"2023-11-17T16:30:03","date_gmt":"2023-11-17T15:30:03","guid":{"rendered":"https:\/\/www.cronacaonline.it\/?p=242502"},"modified":"2023-11-17T16:30:05","modified_gmt":"2023-11-17T15:30:05","slug":"comparto-unico-gli-assessori-salaris-fasolino-e-farris-riforma-complessa-ma-ce-una-volonta-precisa-lavoriamo-per-individuare-il-percorso-migliore","status":"publish","type":"post","link":"https:\/\/www.cronacaonline.it\/index.php\/2023\/11\/17\/comparto-unico-gli-assessori-salaris-fasolino-e-farris-riforma-complessa-ma-ce-una-volonta-precisa-lavoriamo-per-individuare-il-percorso-migliore\/","title":{"rendered":"Comparto unico, gli assessori Salaris, Fasolino e Farris: \u201criforma complessa, ma c\u2019\u00e8 una volont\u00e0 precisa. Lavoriamo per individuare il percorso migliore\u201d."},"content":{"rendered":"\n<p>Cagliari, 17 Nov 2023\u00a0\u2013 \u201cQuello del comparto unico \u00e8 un tema che la Regione discute da ormai quasi vent\u2019anni. Siamo convinti che questo sia un passo necessario da compiere e stiamo valutando attentamente quale sia la strada migliore da intraprendere. Parliamo di un\u2019operazione complessa e la base di partenza non pu\u00f2 prescindere da dati numerici certi relativi al personale oggi in impiego e al fabbisogno attuale e per gli anni futuri. Il comparto unico \u00e8 fondamentale per i Comuni, in particolare i pi\u00f9 piccoli che progressivamente hanno visto una migrazione del personale dai propri uffici a quelli della Regione. Gli stessi consigli comunali, attraverso le proprie deliberazioni, hanno portato alla nostra attenzione questa problematica. Un gap, quello del trattamento economico e giuridico che riguarda i dipendenti degli enti locali e della Regione, sul quale vogliamo intervenire attraverso i percorsi e gli strumenti in materia di finanza pubblica e di personale, anche attraverso tavoli tecnici con la partecipazione di persone altamente qualificate\u201d. Lo dichiara l\u2019assessore regionale degli Enti locali, Aldo Salaris, che oggi, insieme ai colleghi di giunta, il vice presidente della Regione e assessore della Programmazione, Giuseppe Fasolino, e l\u2019assessore del Personale, Andreina Farris, ha partecipato al confronto sul Comparto unico del pubblico impiego, promosso dal Consiglio delle autonomie locali della Sardegna.<\/p>\n\n\n\n<figure class=\"wp-block-image size-full is-resized\"><img loading=\"lazy\" src=\"https:\/\/www.cronacaonline.it\/wp-content\/uploads\/2023\/11\/assessore-fasolino.jpg\" alt=\"\" class=\"wp-image-242504\" width=\"729\" height=\"486\" srcset=\"https:\/\/www.cronacaonline.it\/wp-content\/uploads\/2023\/11\/assessore-fasolino.jpg 600w, https:\/\/www.cronacaonline.it\/wp-content\/uploads\/2023\/11\/assessore-fasolino-300x200.jpg 300w\" sizes=\"(max-width: 729px) 100vw, 729px\" \/><\/figure>\n\n\n\n<p>Gi\u00e0 avviata la collaborazione con l\u2019Anci, l\u2019assessore Salaris, ha inoltre annunciato subito l\u2019apertura di un tavolo con le organizzazioni sindacali e la costituzione del Comitato per il comparto unico tramite delibera di Giunta.<\/p>\n\n\n\n<p>Posizioni analoghe sono state espresse dall\u2019assessore Fasolino, che, in apertura, ha portato i saluti del Presidente dell\u2019Isola e ha ricordato l\u2019aumento delle risorse sul Fondo unico, da quest\u2019anno, e ribadito l\u2019impegno della Giunta sul Comparto unico: \u201cPer garantire il Comparto unico \u2013 ha sottolineato l\u2019assessore Fasolino \u2013 \u00e8 fondamentale conoscere l\u2019esatta portata dell\u2019impegno finanziario\u201d.<\/p>\n\n\n\n<p>Sulla complessit\u00e0 dell\u2019operazione l\u2019assessore Farris ha precisato: \u201cBene il confronto con le esperienze delle altre regioni autonome, ma ognuna ha le sue peculiarit\u00e0 e in questa situazione la Sardegna deve trovare la sua strada. Ci sono delle specificit\u00e0 che devono essere prese in considerazione e aspetti normativi complessi. Serve la collaborazione di tutte le parti coinvolte, \u00e8 una riforma che pu\u00f2 essere paragonata a una ristrutturazione profonda e come tale deve garantire la stabilit\u00e0 dell\u2019edificio\u201d. Com<\/p>\n","protected":false},"excerpt":{"rendered":"<p>Cagliari, 17 Nov 2023\u00a0\u2013 \u201cQuello del comparto unico \u00e8 un tema che la Regione discute da ormai quasi vent\u2019anni. Siamo convinti che questo sia un&#8230;<\/p>\n","protected":false},"author":2,"featured_media":242503,"comment_status":"closed","ping_status":"open","sticky":false,"template":"","format":"standard","meta":[],"categories":[49,52],"tags":[],"_links":{"self":[{"href":"https:\/\/www.cronacaonline.it\/index.php\/wp-json\/wp\/v2\/posts\/242502"}],"collection":[{"href":"https:\/\/www.cronacaonline.it\/index.php\/wp-json\/wp\/v2\/posts"}],"about":[{"href":"https:\/\/www.cronacaonline.it\/index.php\/wp-json\/wp\/v2\/types\/post"}],"author":[{"embeddable":true,"href":"https:\/\/www.cronacaonline.it\/index.php\/wp-json\/wp\/v2\/users\/2"}],"replies":[{"embeddable":true,"href":"https:\/\/www.cronacaonline.it\/index.php\/wp-json\/wp\/v2\/comments?post=242502"}],"version-history":[{"count":1,"href":"https:\/\/www.cronacaonline.it\/index.php\/wp-json\/wp\/v2\/posts\/242502\/revisions"}],"predecessor-version":[{"id":242505,"href":"https:\/\/www.cronacaonline.it\/index.php\/wp-json\/wp\/v2\/posts\/242502\/revisions\/242505"}],"wp:featuredmedia":[{"embeddable":true,"href":"https:\/\/www.cronacaonline.it\/index.php\/wp-json\/wp\/v2\/media\/242503"}],"wp:attachment":[{"href":"https:\/\/www.cronacaonline.it\/index.php\/wp-json\/wp\/v2\/media?parent=242502"}],"wp:term":[{"taxonomy":"category","embeddable":true,"href":"https:\/\/www.cronacaonline.it\/index.php\/wp-json\/wp\/v2\/categories?post=242502"},{"taxonomy":"post_tag","embeddable":true,"href":"https:\/\/www.cronacaonline.it\/index.php\/wp-json\/wp\/v2\/tags?post=242502"}],"curies":[{"name":"wp","href":"https:\/\/api.w.org\/{rel}","templated":true}]}}