{"id":242463,"date":"2023-11-17T08:44:31","date_gmt":"2023-11-17T07:44:31","guid":{"rendered":"https:\/\/www.cronacaonline.it\/?p=242463"},"modified":"2023-11-17T08:44:33","modified_gmt":"2023-11-17T07:44:33","slug":"progressisti-liberu-europa-upc-progetto-sardegna-inaccettabile-il-rifiuto-della-trasparenza-lunita-va-praticata-non-solo-annunciata","status":"publish","type":"post","link":"https:\/\/www.cronacaonline.it\/index.php\/2023\/11\/17\/progressisti-liberu-europa-upc-progetto-sardegna-inaccettabile-il-rifiuto-della-trasparenza-lunita-va-praticata-non-solo-annunciata\/","title":{"rendered":"Progressisti, Liberu, +Europa, Upc, Progetto Sardegna: \u201cInaccettabile il rifiuto della trasparenza. L\u2019unit\u00e0 va praticata, non solo annunciata\u201d."},"content":{"rendered":"\n<p>Cagliari, 17 Nov 2023 \u2013 In una nota Progressisti, Liberu, +Europa, Upc, Progetto Sardegna, dichiarano: \u201cRibadiamo la disponibilit\u00e0 a un incontro, non alle menzogne. Le regole della politica, sempre che qualcuno ancora ricordi il significato del termine, dovrebbero insegnare che la solidariet\u00e0 si esprime nei confronti di coloro che hanno sub\u00ecto attentati o minacce. Non ci pare che l\u2019aver pi\u00f9 volte espresso la disponibilit\u00e0 a un incontro e a un confronto pubblico possa essere inquadrato nell\u2019ambito delle azioni di intimidazione, cos\u00ec come pi\u00f9 volte accaduto nei confronti di Sindaci e amministratori in Sardegna\u201d.<\/p>\n\n\n\n<p>Aver dato notizia dell\u2019incontro riservato in trasmissioni televisive e successivamente aver fornito il giorno, l\u2019ora e il luogo e anche le conclusioni politiche gi\u00e0 precostituite agli organi d\u2019informazione attiene alla scarsa educazione, all\u2019assenza di stile e all\u2019imbarazzante incapacit\u00e0 di sostenere un confronto. Il fatto che l\u2019incontro si sarebbe dovuto svolgere presso l\u2019abitazione del presidente Soru e il fatto che sia stato reso noto \u00e8 vergognoso.&nbsp;Successivamente \u00e8 stata espressa la disponibilit\u00e0 a un incontro in un luogo terzo, ma alla presenza dei giornalisti e con una diretta via Internet. Ci\u00f2 che i 5Stelle hanno preteso anche per gli incontri istituzionali in occasione della formazione di precedenti governi del Paese. Prendiamo atto che dalla maggiore trasparenza possibile si sia passati al timore del confronto davanti a testimoni.<\/p>\n\n\n\n<p>Difficile ricercare l\u2019unit\u00e0, dichiararsi disponibili al confronto quando sistematicamente si pratica la scorrettezza e l\u2019offesa per timore che si possa vedere la differenza tra coloro che parlano del futuro della Sardegna con i sardi e quelli che parlano di assessorati tra pochi. Alle accuse gratuite risponderemo in modo secco e netto, ma continueremo a chiedere un confronto d\u2019idee e tra persone per riunire la coalizione che oggi pochi hanno ulteriormente diviso.<\/p>\n\n\n\n<p>Non vorremmo pensare \u2013 conclude il comunicato - che l\u2019incapacit\u00e0 di reggere un confronto pubblico tra persone che provengono dallo stessa parte politica sia solo la prima avvisaglia dell\u2019impossibilit\u00e0 di sostenere confronti con gli avversari del centrodestra e un sintomo di possibile intolleranza verso il dialogo con i sardi e la Sardegna\u201d. Red<\/p>\n","protected":false},"excerpt":{"rendered":"<p>Cagliari, 17 Nov 2023 \u2013 In una nota Progressisti, Liberu, +Europa, Upc, Progetto Sardegna, dichiarano: \u201cRibadiamo la disponibilit\u00e0 a un incontro, non alle menzogne. Le&#8230;<\/p>\n","protected":false},"author":2,"featured_media":242281,"comment_status":"closed","ping_status":"open","sticky":false,"template":"","format":"standard","meta":[],"categories":[49,52],"tags":[],"_links":{"self":[{"href":"https:\/\/www.cronacaonline.it\/index.php\/wp-json\/wp\/v2\/posts\/242463"}],"collection":[{"href":"https:\/\/www.cronacaonline.it\/index.php\/wp-json\/wp\/v2\/posts"}],"about":[{"href":"https:\/\/www.cronacaonline.it\/index.php\/wp-json\/wp\/v2\/types\/post"}],"author":[{"embeddable":true,"href":"https:\/\/www.cronacaonline.it\/index.php\/wp-json\/wp\/v2\/users\/2"}],"replies":[{"embeddable":true,"href":"https:\/\/www.cronacaonline.it\/index.php\/wp-json\/wp\/v2\/comments?post=242463"}],"version-history":[{"count":1,"href":"https:\/\/www.cronacaonline.it\/index.php\/wp-json\/wp\/v2\/posts\/242463\/revisions"}],"predecessor-version":[{"id":242464,"href":"https:\/\/www.cronacaonline.it\/index.php\/wp-json\/wp\/v2\/posts\/242463\/revisions\/242464"}],"wp:featuredmedia":[{"embeddable":true,"href":"https:\/\/www.cronacaonline.it\/index.php\/wp-json\/wp\/v2\/media\/242281"}],"wp:attachment":[{"href":"https:\/\/www.cronacaonline.it\/index.php\/wp-json\/wp\/v2\/media?parent=242463"}],"wp:term":[{"taxonomy":"category","embeddable":true,"href":"https:\/\/www.cronacaonline.it\/index.php\/wp-json\/wp\/v2\/categories?post=242463"},{"taxonomy":"post_tag","embeddable":true,"href":"https:\/\/www.cronacaonline.it\/index.php\/wp-json\/wp\/v2\/tags?post=242463"}],"curies":[{"name":"wp","href":"https:\/\/api.w.org\/{rel}","templated":true}]}}