{"id":242454,"date":"2023-11-16T17:49:42","date_gmt":"2023-11-16T16:49:42","guid":{"rendered":"https:\/\/www.cronacaonline.it\/?p=242454"},"modified":"2023-11-16T17:49:45","modified_gmt":"2023-11-16T16:49:45","slug":"il-consiglio-regionale-della-sardegna-si-riunisce-martedi-21-novembre-alle-16-allodg-disabilita-gravi-e-dl-396","status":"publish","type":"post","link":"https:\/\/www.cronacaonline.it\/index.php\/2023\/11\/16\/il-consiglio-regionale-della-sardegna-si-riunisce-martedi-21-novembre-alle-16-allodg-disabilita-gravi-e-dl-396\/","title":{"rendered":"Il Consiglio regionale della Sardegna si riunisce marted\u00ec 21 novembre alle 16. All\u2019odg disabilit\u00e0 gravi e DL 396."},"content":{"rendered":"\n<p>Cagliari, 16 novembre 2023 \u2013 Il Consiglio regionale si riunir\u00e0 marted\u00ec 21 novembre alle 16. Lo ha deciso la Conferenza dei capigruppo che si \u00e8 riunita questo pomeriggio.\u00a0 All\u2019ordine del giorno dell\u2019Assemblea la PL (ex art 102) firmata da tutti i capigruppo \u201cDisposizioni urgenti in materia di interventi rivolti alle persone con disabilit\u00e0 e non autosufficienza\u201d e il DL 396 (Modifiche alla legge di stabilit\u00e0 2023-2025, variazioni al bilancio 2023-2025 e riconoscimento di debiti fuori bilancio). I lavori del Consiglio proseguiranno anche nelle giornate di mercoled\u00ec e gioved\u00ec. Com<\/p>\n","protected":false},"excerpt":{"rendered":"<p>Cagliari, 16 novembre 2023 \u2013 Il Consiglio regionale si riunir\u00e0 marted\u00ec 21 novembre alle 16. Lo ha deciso la Conferenza dei capigruppo che si \u00e8&#8230;<\/p>\n","protected":false},"author":2,"featured_media":191710,"comment_status":"closed","ping_status":"open","sticky":false,"template":"","format":"standard","meta":[],"categories":[49,52],"tags":[],"_links":{"self":[{"href":"https:\/\/www.cronacaonline.it\/index.php\/wp-json\/wp\/v2\/posts\/242454"}],"collection":[{"href":"https:\/\/www.cronacaonline.it\/index.php\/wp-json\/wp\/v2\/posts"}],"about":[{"href":"https:\/\/www.cronacaonline.it\/index.php\/wp-json\/wp\/v2\/types\/post"}],"author":[{"embeddable":true,"href":"https:\/\/www.cronacaonline.it\/index.php\/wp-json\/wp\/v2\/users\/2"}],"replies":[{"embeddable":true,"href":"https:\/\/www.cronacaonline.it\/index.php\/wp-json\/wp\/v2\/comments?post=242454"}],"version-history":[{"count":1,"href":"https:\/\/www.cronacaonline.it\/index.php\/wp-json\/wp\/v2\/posts\/242454\/revisions"}],"predecessor-version":[{"id":242455,"href":"https:\/\/www.cronacaonline.it\/index.php\/wp-json\/wp\/v2\/posts\/242454\/revisions\/242455"}],"wp:featuredmedia":[{"embeddable":true,"href":"https:\/\/www.cronacaonline.it\/index.php\/wp-json\/wp\/v2\/media\/191710"}],"wp:attachment":[{"href":"https:\/\/www.cronacaonline.it\/index.php\/wp-json\/wp\/v2\/media?parent=242454"}],"wp:term":[{"taxonomy":"category","embeddable":true,"href":"https:\/\/www.cronacaonline.it\/index.php\/wp-json\/wp\/v2\/categories?post=242454"},{"taxonomy":"post_tag","embeddable":true,"href":"https:\/\/www.cronacaonline.it\/index.php\/wp-json\/wp\/v2\/tags?post=242454"}],"curies":[{"name":"wp","href":"https:\/\/api.w.org\/{rel}","templated":true}]}}