{"id":242446,"date":"2023-11-16T15:36:57","date_gmt":"2023-11-16T14:36:57","guid":{"rendered":"https:\/\/www.cronacaonline.it\/?p=242446"},"modified":"2023-11-16T15:37:00","modified_gmt":"2023-11-16T14:37:00","slug":"alessandra-todde-non-si-presenta-allincontro-pubblico-soru-non-ce-altra-soluzione-che-la-consultazione-popolare-bisogna-avere-il-coraggio-di-proporsi-agli-elettori","status":"publish","type":"post","link":"https:\/\/www.cronacaonline.it\/index.php\/2023\/11\/16\/alessandra-todde-non-si-presenta-allincontro-pubblico-soru-non-ce-altra-soluzione-che-la-consultazione-popolare-bisogna-avere-il-coraggio-di-proporsi-agli-elettori\/","title":{"rendered":"Alessandra Todde non si presenta all\u2019incontro pubblico. Soru: \u201cNon c\u2019\u00e8 altra soluzione che la consultazione popolare. Bisogna avere il coraggio di proporsi agli elettori\u201d."},"content":{"rendered":"\n<p>Cagliari, 16 Nov 2023 - Alessandra Todde non si \u00e8 presentata all\u2019incontro pubblico, aperto alla stampa e in diretta streaming, delle ore 12:00 di gioved\u00ec 16 novembre all\u2019hotel Regina Margherita di Cagliari. Renato Soru aveva accettato l\u2019incontro chiesto da Alessandra Todde, pervenuto marted\u00ec scorso, \u201criservato e urgente\u201d. Per questo, in virt\u00f9 dei rapporti personali che li hanno visti collaborare in passato, si era concordato inizialmente che fosse a casa di Soru, al fine di garantire la riservatezza richiesta. La Todde, per\u00f2, aveva reso l\u2019incontro, di fatto, pubblico, anticipandolo durante la trasmissione televisiva di Marted\u00ec condotta da Giovanni Floris. Da qui la scelta di aprirlo alla stampa e in diretta streaming.<\/p>\n\n\n\n<p>\u201cHo chiamato per tempo Alessandra Todde\u201d, commenta Soru, \u201cpoi abbiamo mandato una nota stampa. Le ho chiarito che questo incontro avesse smesso di essere riservato. Con lei ci conosciamo da qualche anno, abbiamo collaborato in passato sul lavoro, per questo ho accolto con garbo il suo invito, in virt\u00f9 dei rapporti personali che ci legano. Non avevo ancora sentito le dichiarazioni da Floris dove ha detto che non ci sarebbero state le primarie. Ha anche detto una cosa grave, che io e altri siamo usciti dal campo progressista e che lei ci farebbe rientrare. Ma io appartengo dal primo momento a questa casa. \u00c8 lei che dovrebbe entrarci con pi\u00f9 garbo e responsabilit\u00e0. Stamattina l\u2019ho chiamata per tempo. Facciamo l\u2019incontro in un luogo pubblico, perch\u00e9 chiuderci in una stanza? D\u2019altronde, privatamente, le avrei ribadito la richiesta di aprirsi a una consultazione popolare. La Todde invece si \u00e8 negata a questo confronto, che tra l\u2019altro ho sollecitato diverse volte. Non \u00e8 delle nostre vite private che stiamo parlando, ma di cose pubbliche, del presente e del futuro della Sardegna\u201d.<\/p>\n\n\n\n<p>\u201cMi dispiace \u2013 ha aggiunto Soru - che anche oggi i cittadini della Sardegna non abbiano avuto la possibilit\u00e0 di ascoltare un dialogo costruttivo. La pregiudiziale della Todde, invece, \u00e8 stata questa: senza primarie o niente. Ma la politica non \u00e8 parlare con gli elettori? Non \u00e8 aprirsi a un confronto trasparente? Cosa succede adesso? Continuiamo il nostro percorso, andiamo avanti nella costruzione di una coalizione progressista, centrista e indipendentista, ci sono tante liste civiche che si stanno formando. Nell\u2019impegno di chiarire un progetto e una proposta per la Sardegna. Ci sono segnali positivi: percepisco un avvio di mobilitazione. Sono convinto che ci sar\u00e0 una partecipazione vera, sincera e interessata, da parte anche di persone che sono scontente, che non hanno votato in passato. Io di definitivo non ho mai posto nulla. La Todde ha la responsabilit\u00e0 di capire che ha frantumato un partito e una coalizione. Il noi \u00e8 questo, insieme ai cittadini, non stare dentro una stanza. I 5Stelle sono nati col mito della democrazia diretta, cosa a cui io non ho mai creduto. Io credo invece nella democrazia parlamentare. \u00c8 paradossale che proprio loro si sottraggono a una consultazione popolare. L\u2019unit\u00e0 va praticata e non solo annunciata. La Sardegna in questo momento \u00e8 senza voce. C\u2019\u00e8 bisogno di un'alleanza sarda che prenda in mano il momento storico che stiamo vivendo. Una seconda autonomia \u00e8 necessaria. Abbiamo il dovere di provvedere al pi\u00f9 presto a una ri-contrattazione dei nostri rapporti con lo Stato\u201d. Com<\/p>\n","protected":false},"excerpt":{"rendered":"<p>Cagliari, 16 Nov 2023 &#8211; Alessandra Todde non si \u00e8 presentata all\u2019incontro pubblico, aperto alla stampa e in diretta streaming, delle ore 12:00 di gioved\u00ec&#8230;<\/p>\n","protected":false},"author":2,"featured_media":242281,"comment_status":"closed","ping_status":"open","sticky":false,"template":"","format":"standard","meta":[],"categories":[49,52],"tags":[],"_links":{"self":[{"href":"https:\/\/www.cronacaonline.it\/index.php\/wp-json\/wp\/v2\/posts\/242446"}],"collection":[{"href":"https:\/\/www.cronacaonline.it\/index.php\/wp-json\/wp\/v2\/posts"}],"about":[{"href":"https:\/\/www.cronacaonline.it\/index.php\/wp-json\/wp\/v2\/types\/post"}],"author":[{"embeddable":true,"href":"https:\/\/www.cronacaonline.it\/index.php\/wp-json\/wp\/v2\/users\/2"}],"replies":[{"embeddable":true,"href":"https:\/\/www.cronacaonline.it\/index.php\/wp-json\/wp\/v2\/comments?post=242446"}],"version-history":[{"count":1,"href":"https:\/\/www.cronacaonline.it\/index.php\/wp-json\/wp\/v2\/posts\/242446\/revisions"}],"predecessor-version":[{"id":242447,"href":"https:\/\/www.cronacaonline.it\/index.php\/wp-json\/wp\/v2\/posts\/242446\/revisions\/242447"}],"wp:featuredmedia":[{"embeddable":true,"href":"https:\/\/www.cronacaonline.it\/index.php\/wp-json\/wp\/v2\/media\/242281"}],"wp:attachment":[{"href":"https:\/\/www.cronacaonline.it\/index.php\/wp-json\/wp\/v2\/media?parent=242446"}],"wp:term":[{"taxonomy":"category","embeddable":true,"href":"https:\/\/www.cronacaonline.it\/index.php\/wp-json\/wp\/v2\/categories?post=242446"},{"taxonomy":"post_tag","embeddable":true,"href":"https:\/\/www.cronacaonline.it\/index.php\/wp-json\/wp\/v2\/tags?post=242446"}],"curies":[{"name":"wp","href":"https:\/\/api.w.org\/{rel}","templated":true}]}}