{"id":242436,"date":"2023-11-16T15:04:01","date_gmt":"2023-11-16T14:04:01","guid":{"rendered":"https:\/\/www.cronacaonline.it\/?p=242436"},"modified":"2023-11-16T15:04:05","modified_gmt":"2023-11-16T14:04:05","slug":"cultura-assessore-biancareddu-firma-il-protocollo-dintesa-per-la-candidatura-del-patrimonio-storico-minerario-del-sulcis-iglesiente-guspinese-allunesco","status":"publish","type":"post","link":"https:\/\/www.cronacaonline.it\/index.php\/2023\/11\/16\/cultura-assessore-biancareddu-firma-il-protocollo-dintesa-per-la-candidatura-del-patrimonio-storico-minerario-del-sulcis-iglesiente-guspinese-allunesco\/","title":{"rendered":"Cultura: assessore Biancareddu firma il protocollo d\u2019intesa per la candidatura del patrimonio storico minerario del Sulcis Iglesiente guspinese all\u2019Unesco."},"content":{"rendered":"\n<p>Cagliari, 16 Nov 2023 \u2013\u00a0Presentato dall\u2019Assessore alla Cultura, Andrea Biancareddu,\u00a0il Protocollo d\u2019 intesa stilato dalla Rete dei Comuni Sulcis Iglesiente e Guspinese, con la Regione Sardegna, il Parco Geominerario, la Fondazione Cammino di Santa Barbara, l\u2019Associazione speleologica Sarda per portare avanti il Progetto di candidatura del Patrimonio storico minerario del territorio del Sulcis-Iglesiente e Guspinese per l\u2019inserimento nelle liste del patrimonio mondiale dell\u2019Unesco in qualit\u00e0 di paesaggio culturale di eccezionale valore. Erano presenti alla firma del documento anche i Sindaci\u00a0che hanno aderito alla Rete dei Comuni (Buggerru -Comune capofila-, Arbus, Carbonia, Carloforte, Fluminimaggiore, Gonnesa, Gonnosfanadiga, Guspini, Iglesias, Musei, Narcao, Perdaxius, Portoscuso, Santadi, Tratalias, Villacidro, Villamassargia).<\/p>\n\n\n\n<p>\u201cE\u2019 una grande giornata - ha sottolineato l\u2019Assessore Biancareddu -&nbsp;&nbsp;perch\u00e9 un'altra parte della storia della Sardegna, in particolare il patrimonio minerario con tutta la sua storia, adesso potrebbe diventare patrimonio dell'UNESCO. Un immenso volano di conoscenza. Un patrimonio che diventa un riconoscimento anche sociale, antropologico, per quella che \u00e8 stata una grande storia di lavoratori, la storia umana, una storia di un eccidio e quindi tutto quello che \u00e8 collegato al mondo del lavoro minerario. Adesso si far\u00e0 un dossier per inserirlo nella cosiddetta Temptations List dell'Unesco e per iniziare un percorso non facile che comunque con il sussidio, il patrocinio e anche col finanziamento, se si potr\u00e0, della Regione, cercheremo di portare avanti il progetto per ottenere questo prestigioso risultato. Volevo ricordare che gi\u00e0 le Domus de Janas, nonch\u00e9 il patrimonio nuragico, sono anche loro in itinere perch\u00e9 questo riconoscimento venga dato\u201c.<\/p>\n\n\n\n<p>Il progetto, avviato dal Comune di Buggerru, come capofila, gi\u00e0 da qualche anno e nel suo evolversi ha visto l\u2019adesione di molte Amministrazioni Comunali.&nbsp;Nello specifico, gli Enti convolti nella sottoscrizione del Protocollo, uniti&nbsp;seppur con forme e competenze diverse, vogliono dare corpo alle diverse&nbsp;finalit\u00e0 del progetto. Tutelare e valorizzare il&nbsp;patrimonio minerario della Sardegna, promuoverne&nbsp;lo sviluppo sostenibile attraverso l\u2019integrazione con il&nbsp;tessuto economico, sociale e culturale dell\u2019Isola. Verranno adottate&nbsp;le pi\u00f9 opportune forme organizzative di coordinamento per&nbsp;l\u2019attuazione&nbsp;del progetto di candidatura tra&nbsp;tutti&nbsp;gli enti locali coinvolti,&nbsp;i Ministeri&nbsp;competenti e la&nbsp;Commissione Nazionale Italiana per&nbsp;l\u2019Unesco.<\/p>\n\n\n\n<p>La firma del Protocollo getta basi solide e concrete per procedere in un iter che, seppur lungo e complesso, porter\u00e0 gi\u00e0 nell\u2019immediato futuro nuove prospettive di rigenerazione del patrimonio storico geominerario del Sulcis Iglesiente Guspinese che costituisce&nbsp;una parte significativa del patrimonio culturale della&nbsp;Sardegna, in quanto elemento&nbsp;integrante dei suoi caratteri identitari, nonch\u00e9 parte significativa del grande patrimonio geominerario dell\u2019intero Paese.<\/p>\n","protected":false},"excerpt":{"rendered":"<p>Cagliari, 16 Nov 2023 \u2013\u00a0Presentato dall\u2019Assessore alla Cultura, Andrea Biancareddu,\u00a0il Protocollo d\u2019 intesa stilato dalla Rete dei Comuni Sulcis Iglesiente e Guspinese, con la Regione&#8230;<\/p>\n","protected":false},"author":2,"featured_media":242437,"comment_status":"closed","ping_status":"open","sticky":false,"template":"","format":"standard","meta":[],"categories":[49,52],"tags":[],"_links":{"self":[{"href":"https:\/\/www.cronacaonline.it\/index.php\/wp-json\/wp\/v2\/posts\/242436"}],"collection":[{"href":"https:\/\/www.cronacaonline.it\/index.php\/wp-json\/wp\/v2\/posts"}],"about":[{"href":"https:\/\/www.cronacaonline.it\/index.php\/wp-json\/wp\/v2\/types\/post"}],"author":[{"embeddable":true,"href":"https:\/\/www.cronacaonline.it\/index.php\/wp-json\/wp\/v2\/users\/2"}],"replies":[{"embeddable":true,"href":"https:\/\/www.cronacaonline.it\/index.php\/wp-json\/wp\/v2\/comments?post=242436"}],"version-history":[{"count":1,"href":"https:\/\/www.cronacaonline.it\/index.php\/wp-json\/wp\/v2\/posts\/242436\/revisions"}],"predecessor-version":[{"id":242439,"href":"https:\/\/www.cronacaonline.it\/index.php\/wp-json\/wp\/v2\/posts\/242436\/revisions\/242439"}],"wp:featuredmedia":[{"embeddable":true,"href":"https:\/\/www.cronacaonline.it\/index.php\/wp-json\/wp\/v2\/media\/242437"}],"wp:attachment":[{"href":"https:\/\/www.cronacaonline.it\/index.php\/wp-json\/wp\/v2\/media?parent=242436"}],"wp:term":[{"taxonomy":"category","embeddable":true,"href":"https:\/\/www.cronacaonline.it\/index.php\/wp-json\/wp\/v2\/categories?post=242436"},{"taxonomy":"post_tag","embeddable":true,"href":"https:\/\/www.cronacaonline.it\/index.php\/wp-json\/wp\/v2\/tags?post=242436"}],"curies":[{"name":"wp","href":"https:\/\/api.w.org\/{rel}","templated":true}]}}