{"id":242434,"date":"2023-11-16T12:19:19","date_gmt":"2023-11-16T11:19:19","guid":{"rendered":"https:\/\/www.cronacaonline.it\/?p=242434"},"modified":"2023-11-16T12:19:22","modified_gmt":"2023-11-16T11:19:22","slug":"dichiarazione-della-consigliera-regionale-rossella-pinna-pd-a-proposito-del-pronto-soccorso-dellospedale-di-san-gavino","status":"publish","type":"post","link":"https:\/\/www.cronacaonline.it\/index.php\/2023\/11\/16\/dichiarazione-della-consigliera-regionale-rossella-pinna-pd-a-proposito-del-pronto-soccorso-dellospedale-di-san-gavino\/","title":{"rendered":"Dichiarazione della consigliera regionale Rossella Pinna PD: A proposito del pronto soccorso dell\u2019ospedale di San Gavino."},"content":{"rendered":"\n<p>Cagliari, 16 Nov 2023 - L\u2019emergenza che riguarda il Pronto soccorso e l\u2019Ospedale di San Gavino \u00e8 stata denunciata dalla consigliera regionale del Partito Democratico, ripetutamente e ripetutamente si \u00e8 fatto ricorso a scelte temporanee e che hanno visto il personale ospedaliero dare fondo a tutto lo spirito di sacrificio e di servizio alla comunit\u00e0, al punto da arrivare essi stessi stremati fisicamente e moralmente. Questo perch\u00e9 la carenza di personale, la fuga dal SSN e dal SSR, hanno origine lontana nel tempo: \u00e8 dal 2007, Governo Berlusconi, che \u00e8 stato imposto il blocco del turnover, e cio\u00e8 l\u2019impossibilit\u00e0 di reintegrare gli organici dalle cessazioni di servizio. 10 in pensione e solo 3 nuovi ingressi. Era chiaro che il sistema sarebbe collassato. Questo lo scrivo per chiarezza, perch\u00e9 \u00e8 ovvio che di questa carenza odierna non pu\u00f2 essere data responsabilit\u00e0 all\u2019Assessore Doria cos\u00ec come non ne doveva essere data responsabilit\u00e0 l\u2019Assessore Arru che ha cercato invece di affrontarlo. Non dimentichiamo che nel 2019 la Giunta Solinas blocc\u00f2 i concorsi predisposti da Ats.<\/p>\n\n\n\n<p>\u00c8 vero, oggi la soluzione messa in campo dall\u2019assessore Doria sembra essere l\u2019unica soluzione possibile ma soltanto perch\u00e9 il problema \u00e8 stato affrontato con estremo ritardo, sebbene fosse stato segnalato e noto dall\u2019inizio dell\u2019anno. Gli ospedali della citt\u00e0 di Cagliari hanno bandito i loro concorsi per accaparrarsi i medici sulla piazza svuotando gli ospedali della periferia. \u00c9 normale ed \u00e8 legittimo ambire ad una sede di lavoro sotto casa e nessun giudice consentirebbe di tenere in ostaggio un lavoratore. Dunque 4 medici vincitori di concorso si dimettono da San Gavino per andare a Cagliari.<\/p>\n\n\n\n<p>\u00c8 vero che nel cosiddetto collegato alla finanziaria il consiglio regionale ha (abbiamo) approvato una norma che prevede che i concorsi seguano una certa priorit\u00e0, regolata sulla base dell\u2019indice di sofferenza della Asl ma si tratta di un provvedimento che arriva solo quando \u201ci buoi sono scappati \u201ccon oltre 9 mesi di ritardo nell\u2019approvazione.<\/p>\n\n\n\n<p>Queste anomalie, questi ritardi, queste criticit\u00e0, noi del Pd e in generale delle opposizioni le abbiamo ripetute, scritte e denunciate in ogni modo! Troppo spesso inascoltati.<\/p>\n\n\n\n<p>Nella riunione di ieri presso la Asl 6 di Sanluri, con i sindacati e i sindaci, i vertici aziendali ho detto che la crisi della carenza dei medici soprattutto nei pronto soccorso \u00e8 diventata strutturale e ho richiamato il fatto che a fronte di oltre 950 posti di specializzazione in emergenza urgenza solo il 24 % sia stato scelto dai giovani medici. Ci\u00f2 significa che per i prossimi 5 anni mancheranno in Italia ben 700 medici dell\u2019emergenza e dunque non \u00e8 una questione di colori politici!<\/p>\n\n\n\n<p>Ho aggiunto e che mi preoccupava il fatto che il nostro ospedale da Dea di I livello venisse declassato a CeT (centro di emergenza territoriale). Ho chiesto rassicurazioni sul limite temporale della soluzione considerato che in Italia tutto ci\u00f2 che nasce provvisorio diventa definitivo e ho detto che solo il Consiglio regionale pu\u00f2 decidere di modificare la rete ospedaliera.<\/p>\n\n\n\n<p>La soluzione trovata dall\u2019assessore dovrebbe essere limitata a 3 mesi, il tempo necessario per espletare il reclutamento di nuovo personale. Ci\u00f2 comporter\u00e0 un aggravio di lavoro dei medici dei reparti e del 118 che non sar\u00e0 privo di conseguenze.<\/p>\n\n\n\n<p>Ora vigileremo perch\u00e9 tutto ci\u00f2 che sulla carta di una delibera funziona possa funzionare anche nella realt\u00e0 senza ulteriori penalizzazioni ad un territorio che non merita di essere considerato marginale. Com<\/p>\n","protected":false},"excerpt":{"rendered":"<p>Cagliari, 16 Nov 2023 &#8211; L\u2019emergenza che riguarda il Pronto soccorso e l\u2019Ospedale di San Gavino \u00e8 stata denunciata dalla consigliera regionale del Partito Democratico,&#8230;<\/p>\n","protected":false},"author":2,"featured_media":130478,"comment_status":"closed","ping_status":"open","sticky":false,"template":"","format":"standard","meta":[],"categories":[49,52],"tags":[],"_links":{"self":[{"href":"https:\/\/www.cronacaonline.it\/index.php\/wp-json\/wp\/v2\/posts\/242434"}],"collection":[{"href":"https:\/\/www.cronacaonline.it\/index.php\/wp-json\/wp\/v2\/posts"}],"about":[{"href":"https:\/\/www.cronacaonline.it\/index.php\/wp-json\/wp\/v2\/types\/post"}],"author":[{"embeddable":true,"href":"https:\/\/www.cronacaonline.it\/index.php\/wp-json\/wp\/v2\/users\/2"}],"replies":[{"embeddable":true,"href":"https:\/\/www.cronacaonline.it\/index.php\/wp-json\/wp\/v2\/comments?post=242434"}],"version-history":[{"count":1,"href":"https:\/\/www.cronacaonline.it\/index.php\/wp-json\/wp\/v2\/posts\/242434\/revisions"}],"predecessor-version":[{"id":242435,"href":"https:\/\/www.cronacaonline.it\/index.php\/wp-json\/wp\/v2\/posts\/242434\/revisions\/242435"}],"wp:featuredmedia":[{"embeddable":true,"href":"https:\/\/www.cronacaonline.it\/index.php\/wp-json\/wp\/v2\/media\/130478"}],"wp:attachment":[{"href":"https:\/\/www.cronacaonline.it\/index.php\/wp-json\/wp\/v2\/media?parent=242434"}],"wp:term":[{"taxonomy":"category","embeddable":true,"href":"https:\/\/www.cronacaonline.it\/index.php\/wp-json\/wp\/v2\/categories?post=242434"},{"taxonomy":"post_tag","embeddable":true,"href":"https:\/\/www.cronacaonline.it\/index.php\/wp-json\/wp\/v2\/tags?post=242434"}],"curies":[{"name":"wp","href":"https:\/\/api.w.org\/{rel}","templated":true}]}}