{"id":242403,"date":"2023-11-15T17:24:35","date_gmt":"2023-11-15T16:24:35","guid":{"rendered":"https:\/\/www.cronacaonline.it\/?p=242403"},"modified":"2023-11-15T17:24:37","modified_gmt":"2023-11-15T16:24:37","slug":"consiglio-sardegna-centri-antiviolenza-case-di-accoglienza-rete-pediatrica-regionale-e-piani-personalizzati-a-favore-delle-persone-con-disabilita-grave-parere-positivo-della-commissione-salute","status":"publish","type":"post","link":"https:\/\/www.cronacaonline.it\/index.php\/2023\/11\/15\/consiglio-sardegna-centri-antiviolenza-case-di-accoglienza-rete-pediatrica-regionale-e-piani-personalizzati-a-favore-delle-persone-con-disabilita-grave-parere-positivo-della-commissione-salute\/","title":{"rendered":"Consiglio Sardegna &#8211; Centri antiviolenza, case di Accoglienza, Rete pediatrica regionale e piani personalizzati a favore delle persone con disabilit\u00e0 grave, parere positivo della commissione Salute."},"content":{"rendered":"\n<p>Cagliari, 15 novembre 2023 - La Sesta commissione (Salute), presieduta da Antonio Mundula (FdI), stamattina ha espresso tre pareri favorevoli, due all\u2019unanimit\u00e0 e uno a maggioranza con l\u2019astensione dei consiglieri di minoranza. Il parlamentino, dopo aver sentito in audizione l\u2019assessore regionale della Sanit\u00e0, Carlo Doria, ha dato il via libera all\u2019unanimit\u00e0 al P\/276 \u201cContributi per l'organizzazione e il funzionamento dei Centri antiviolenza e delle Case di accoglienza. L.R. 7 agosto 2007, n. 8. Programmazione ulteriori risorse regionali annualit\u00e0 2023-2024. Individuazione beneficiario Centro antiviolenza Mai pi\u00f9 Violate, Tortol\u00ec\u201d e al\u00a0 P\/278 \u201cRete pediatrica regionale. Attuazione delle disposizioni della legge regionale 23 ottobre 2023, n. 9 Trasferimento delle strutture di oncoematologia pediatrica e del Centro trapianti midollo osseo dalla ASL n. 8 di Cagliari all'Arnas \"G. Brotzu\".<\/p>\n\n\n\n<p>Al P\/275 \u201cPiani personalizzati di sostegno in favore delle persone con disabilit\u00e0 grave. Legge n. 162\/98. Fondo regionale per la non autosufficienza 2023\/2025. Linee di indirizzo e criteri di riparto delle risorse a favore degli enti locali 2024\/2025\u201d \u00e8 stato dato parere positivo a maggioranza, con l\u2019astensione dei consiglieri di minoranza. Sul P\/277 \u201cAggiornamento dei requisiti generali e specifici minimi autorizzativi e ulteriori dei servizi residenziali e semiresidenziali per il trattamento delle dipendenze patologiche\u201d, invece, la Commissione con decisione unanime, ha stabilito che chieder\u00e0 al Presidente del Consiglio, Michele Pais, di chiedere al Presidente della Giunta di sospendere il provvedimento. Una decisione necessaria, secondo i commissari, per poter approfondire alcune problematiche sollevate dagli operatori delle strutture coinvolte. Com<\/p>\n","protected":false},"excerpt":{"rendered":"<p>Cagliari, 15 novembre 2023 &#8211; La Sesta commissione (Salute), presieduta da Antonio Mundula (FdI), stamattina ha espresso tre pareri favorevoli, due all\u2019unanimit\u00e0 e uno a&#8230;<\/p>\n","protected":false},"author":2,"featured_media":192512,"comment_status":"closed","ping_status":"open","sticky":false,"template":"","format":"standard","meta":[],"categories":[49,52],"tags":[],"_links":{"self":[{"href":"https:\/\/www.cronacaonline.it\/index.php\/wp-json\/wp\/v2\/posts\/242403"}],"collection":[{"href":"https:\/\/www.cronacaonline.it\/index.php\/wp-json\/wp\/v2\/posts"}],"about":[{"href":"https:\/\/www.cronacaonline.it\/index.php\/wp-json\/wp\/v2\/types\/post"}],"author":[{"embeddable":true,"href":"https:\/\/www.cronacaonline.it\/index.php\/wp-json\/wp\/v2\/users\/2"}],"replies":[{"embeddable":true,"href":"https:\/\/www.cronacaonline.it\/index.php\/wp-json\/wp\/v2\/comments?post=242403"}],"version-history":[{"count":1,"href":"https:\/\/www.cronacaonline.it\/index.php\/wp-json\/wp\/v2\/posts\/242403\/revisions"}],"predecessor-version":[{"id":242404,"href":"https:\/\/www.cronacaonline.it\/index.php\/wp-json\/wp\/v2\/posts\/242403\/revisions\/242404"}],"wp:featuredmedia":[{"embeddable":true,"href":"https:\/\/www.cronacaonline.it\/index.php\/wp-json\/wp\/v2\/media\/192512"}],"wp:attachment":[{"href":"https:\/\/www.cronacaonline.it\/index.php\/wp-json\/wp\/v2\/media?parent=242403"}],"wp:term":[{"taxonomy":"category","embeddable":true,"href":"https:\/\/www.cronacaonline.it\/index.php\/wp-json\/wp\/v2\/categories?post=242403"},{"taxonomy":"post_tag","embeddable":true,"href":"https:\/\/www.cronacaonline.it\/index.php\/wp-json\/wp\/v2\/tags?post=242403"}],"curies":[{"name":"wp","href":"https:\/\/api.w.org\/{rel}","templated":true}]}}