{"id":242354,"date":"2023-11-14T15:15:01","date_gmt":"2023-11-14T14:15:01","guid":{"rendered":"https:\/\/www.cronacaonline.it\/?p=242354"},"modified":"2023-11-14T15:15:03","modified_gmt":"2023-11-14T14:15:03","slug":"turismo-a-cagliari-il-salone-extra-alberghiero-assessore-chessa-comparto-del-settore-ricettivo-isolano-in-forte-crescita","status":"publish","type":"post","link":"https:\/\/www.cronacaonline.it\/index.php\/2023\/11\/14\/turismo-a-cagliari-il-salone-extra-alberghiero-assessore-chessa-comparto-del-settore-ricettivo-isolano-in-forte-crescita\/","title":{"rendered":"Turismo, a Cagliari il salone extra-alberghiero, assessore Chessa: \u2018comparto del settore ricettivo isolano in forte crescita\u2019."},"content":{"rendered":"\n<p>Cagliari, 14 Nov 2023 \u2013\u00a0\u201cL\u2019extra-alberghiero \u00e8 una parte importante del settore ricettivo isolano. E\u2019 un comparto in forte crescita e l\u2019aumento, tra giugno e ottobre di quest'anno, del 22% del fatturato rispetto all'anno precedente lo conferma\u201d. Lo ha detto l\u2019assessore regionale del Turismo, Gianni Chessa, in occasione della presentazione di \u201cExtra 2023\u201d, che si svolger\u00e0 a \u2018Sa Manifattura\u2019 di Cagliari da venerd\u00ec 17 a domenica 19 novembre.<\/p>\n\n\n\n<p>\u201cQuesto importante evento, che torna dopo alcuni anni di pausa, \u00e8 utile anche per dare la giusta informazione sulle norme che regolano il settore e per la formazione dei vecchi e nuovi operatori, affinch\u00e9, anche in questo settore, si affermi sempre pi\u00f9 la legalit\u00e0 \u2013 ha aggiunto l\u2019assessore Chessa \u2013 Anche per limitare l\u2019abusivismo, l\u2019Assessorato del Turismo ha inaugurato la nuova&nbsp;piattaforma \u2018Ross 1000\u2019, che, sostituendo la procedura Sired,&nbsp;ha facilitato il conferimento dei dati sui flussi turistici da parte degli operatori delle strutture ricettive, sia per la trasmissione alla Regione dei dati con finalit\u00e0 statistiche che alla Questura per le finalit\u00e0 di pubblica sicurezza\u201d.<\/p>\n\n\n\n<p>\u201c\u00c8 un settore che partecipa alla crescita dell\u2019intero comparto turistico, e di conseguenza alla crescita economica della Sardegna, che si sta specializzando, offrendo servizi turistici di qualit\u00e0, e che insieme al settore alberghiero completa un\u2019offerta che fa bene alla salute del turismo sardo, contribuendo in maniera decisiva a dare risposte ai flussi turistici. E consentendoci di conseguire risultati come quello che si prospetta per il 2023: un milione di arrivi in pi\u00f9 rispetto agli anni passati, come il 2019, considerato un anno record\u201d, ha concluso l\u2019assessore Chessa.&nbsp;<\/p>\n","protected":false},"excerpt":{"rendered":"<p>Cagliari, 14 Nov 2023 \u2013\u00a0\u201cL\u2019extra-alberghiero \u00e8 una parte importante del settore ricettivo isolano. E\u2019 un comparto in forte crescita e l\u2019aumento, tra giugno e ottobre&#8230;<\/p>\n","protected":false},"author":2,"featured_media":242355,"comment_status":"closed","ping_status":"open","sticky":false,"template":"","format":"standard","meta":[],"categories":[49,52],"tags":[],"_links":{"self":[{"href":"https:\/\/www.cronacaonline.it\/index.php\/wp-json\/wp\/v2\/posts\/242354"}],"collection":[{"href":"https:\/\/www.cronacaonline.it\/index.php\/wp-json\/wp\/v2\/posts"}],"about":[{"href":"https:\/\/www.cronacaonline.it\/index.php\/wp-json\/wp\/v2\/types\/post"}],"author":[{"embeddable":true,"href":"https:\/\/www.cronacaonline.it\/index.php\/wp-json\/wp\/v2\/users\/2"}],"replies":[{"embeddable":true,"href":"https:\/\/www.cronacaonline.it\/index.php\/wp-json\/wp\/v2\/comments?post=242354"}],"version-history":[{"count":1,"href":"https:\/\/www.cronacaonline.it\/index.php\/wp-json\/wp\/v2\/posts\/242354\/revisions"}],"predecessor-version":[{"id":242356,"href":"https:\/\/www.cronacaonline.it\/index.php\/wp-json\/wp\/v2\/posts\/242354\/revisions\/242356"}],"wp:featuredmedia":[{"embeddable":true,"href":"https:\/\/www.cronacaonline.it\/index.php\/wp-json\/wp\/v2\/media\/242355"}],"wp:attachment":[{"href":"https:\/\/www.cronacaonline.it\/index.php\/wp-json\/wp\/v2\/media?parent=242354"}],"wp:term":[{"taxonomy":"category","embeddable":true,"href":"https:\/\/www.cronacaonline.it\/index.php\/wp-json\/wp\/v2\/categories?post=242354"},{"taxonomy":"post_tag","embeddable":true,"href":"https:\/\/www.cronacaonline.it\/index.php\/wp-json\/wp\/v2\/tags?post=242354"}],"curies":[{"name":"wp","href":"https:\/\/api.w.org\/{rel}","templated":true}]}}