{"id":242319,"date":"2023-11-13T12:46:12","date_gmt":"2023-11-13T11:46:12","guid":{"rendered":"https:\/\/www.cronacaonline.it\/?p=242319"},"modified":"2023-11-13T12:46:14","modified_gmt":"2023-11-13T11:46:14","slug":"olbia-inaugurato-il-primo-ufficio-di-prossimita-lassessore-fasolino-giustizia-piu-vicina-ai-cittadini","status":"publish","type":"post","link":"https:\/\/www.cronacaonline.it\/index.php\/2023\/11\/13\/olbia-inaugurato-il-primo-ufficio-di-prossimita-lassessore-fasolino-giustizia-piu-vicina-ai-cittadini\/","title":{"rendered":"Olbia, inaugurato il primo ufficio di prossimit\u00e0. L\u2019assessore Fasolino: \u201cgiustizia pi\u00f9 vicina ai cittadini\u201d"},"content":{"rendered":"\n<p>Olbia, 13 Nov 2023 -\u00a0Parte da Olbia e proseguir\u00e0 nel pomeriggio al porto dell'Isola Rossa (Trinit\u00e0 d\u2019Agultu) il ciclo di inaugurazioni degli Uffici di prossimit\u00e0 che toccher\u00e0, tra novembre e dicembre, i 21 Comuni sardi interessati dal progetto regionale. Nati per rendere i servizi della Giustizia pi\u00f9 vicini ai cittadini sardi, permetteranno di ricevere informazioni e presentare istanze nell'ambito della volontaria giurisdizione (\u00e8 esclusa l\u2019attivit\u00e0 di assistenza legale). I cittadini potranno infatti compiere operazioni e avere informazioni direttamente nel Comune sede dell\u2019Ufficio di Prossimit\u00e0 senza necessit\u00e0 di recarsi nelle sedi dei sei Tribunali Ordinari della Sardegna (Cagliari, Sassari, Oristano, Nuoro, Tempio, Lanusei).<\/p>\n\n\n\n<p>\u201cAvvicinando gli uffici della giustizia alle Comunit\u00e0 introduciamo un nuovo importante strumento di supporto al cittadino\u201d, ha spiegato l\u2019Assessore della Programmazione, Giuseppe Fasolino. \u201cAbbiamo promosso questo progetto con l\u2019obiettivo di andare incontro alle fasce pi\u00f9 deboli della popolazione come anziani e persone fragili, garantendo cos\u00ec libero accesso a servizi e informazioni di carattere giudiziario \u2013 ha continuato l\u2019assessore Fasolino \u2013 La Sardegna, complice anche l\u2019estensione geografica e la densit\u00e0 di popolazione, conta su numerosi centri distanti dalle attivit\u00e0 dei tribunali ordinari, a cui concorre negativamente la revisione delle circoscrizioni giurisdizionali avvenuta negli ultimi anni. Questo progetto nasce infatti in seguito alla riforma del 2012 con l\u2019obiettivo, tra gli altri, di decongestionare l\u2019attivit\u00e0 dei Tribunali. Ci siamo immedesimati \u2013 ha proseguito l\u2019esponente della Giunta sarda - in quel cittadino che da Loiri deve recarsi a Tempio per una semplice richiesta: ecco, una volta che l'Ufficio di prossimit\u00e0 sar\u00e0 operativo quel cittadino non deve pi\u00f9 impiegare tempo e risorse per spostarsi\u201d.<\/p>\n\n\n\n<p>Entrando nel concreto del progetto, attraverso gli Uffici di prossimit\u00e0 i cittadini potranno per esempio inoltrare le pratiche per l\u2019Amministrazione di Sostegno; richiedere un\u2019autorizzazione al giudice tutelare; richiedere un\u2019autorizzazione al rilascio dei documenti validi per l\u2019espatrio; richiedere la nomina di un curatore speciale; ricevere supporto per la compilazione della modulistica vigente presso gli uffici giudiziari; avere consulenza e supporto sugli istituti di protezione giuridica (tutele, tutele minori, amministrazione di sostegno); ottenere assistenza per altri servizi della volontaria giurisdizione che non richiedono l\u2019ausilio di un avvocato.<\/p>\n\n\n\n<p>\u201cFacilitare l\u2019accesso ai servizi giudiziari per chi ha difficolt\u00e0 a usufruirne&nbsp;era un obiettivo che ci eravamo dati e che ora trova realizzazione andando a toccare ben 21 Comuni sardi\u201d, ha evidenziato ancora l\u2019Assessore Fasolino. Il primo a essere inaugurato, questa mattina, \u00e8 stato appunto quello del Come di Olbia che, in collaborazione con i Comuni di Golfo Aranci e Loiri Porto San Paolo,&nbsp;ospiter\u00e0 la sede dell\u2019Ufficio di Prossimit\u00e0 in via Venafiorita. L\u2019Unione dei Comuni Alta Gallura, con i Comuni di Erula e Perfugas,&nbsp;ospiteranno invece l\u2019Ufficio presso il porto dell\u2019Isola Rossa (inaugurazione programmata sempre per oggi).<\/p>\n\n\n\n<p>Gli eventi,&nbsp;organizzati dalla Regione - Centro Regionale di Programmazione in collaborazione con i Comuni interessati e i Tribunali,&nbsp;proseguiranno negli altri Comuni a seguito della firma dei Protocolli d\u2019Intesa,&nbsp;con un fitto calendario che ha come obiettivo quello di rendere consapevoli i cittadini della prossima disponibilit\u00e0 del servizio. L'operativit\u00e0 degli uffici \u00e8 prevista dopo le attivit\u00e0 di informatizzazione e della formazione degli operatori.<\/p>\n","protected":false},"excerpt":{"rendered":"<p>Olbia, 13 Nov 2023 &#8211;\u00a0Parte da Olbia e proseguir\u00e0 nel pomeriggio al porto dell&#8217;Isola Rossa (Trinit\u00e0 d\u2019Agultu) il ciclo di inaugurazioni degli Uffici di prossimit\u00e0&#8230;<\/p>\n","protected":false},"author":2,"featured_media":242320,"comment_status":"closed","ping_status":"open","sticky":false,"template":"","format":"standard","meta":[],"categories":[49,52],"tags":[],"_links":{"self":[{"href":"https:\/\/www.cronacaonline.it\/index.php\/wp-json\/wp\/v2\/posts\/242319"}],"collection":[{"href":"https:\/\/www.cronacaonline.it\/index.php\/wp-json\/wp\/v2\/posts"}],"about":[{"href":"https:\/\/www.cronacaonline.it\/index.php\/wp-json\/wp\/v2\/types\/post"}],"author":[{"embeddable":true,"href":"https:\/\/www.cronacaonline.it\/index.php\/wp-json\/wp\/v2\/users\/2"}],"replies":[{"embeddable":true,"href":"https:\/\/www.cronacaonline.it\/index.php\/wp-json\/wp\/v2\/comments?post=242319"}],"version-history":[{"count":1,"href":"https:\/\/www.cronacaonline.it\/index.php\/wp-json\/wp\/v2\/posts\/242319\/revisions"}],"predecessor-version":[{"id":242321,"href":"https:\/\/www.cronacaonline.it\/index.php\/wp-json\/wp\/v2\/posts\/242319\/revisions\/242321"}],"wp:featuredmedia":[{"embeddable":true,"href":"https:\/\/www.cronacaonline.it\/index.php\/wp-json\/wp\/v2\/media\/242320"}],"wp:attachment":[{"href":"https:\/\/www.cronacaonline.it\/index.php\/wp-json\/wp\/v2\/media?parent=242319"}],"wp:term":[{"taxonomy":"category","embeddable":true,"href":"https:\/\/www.cronacaonline.it\/index.php\/wp-json\/wp\/v2\/categories?post=242319"},{"taxonomy":"post_tag","embeddable":true,"href":"https:\/\/www.cronacaonline.it\/index.php\/wp-json\/wp\/v2\/tags?post=242319"}],"curies":[{"name":"wp","href":"https:\/\/api.w.org\/{rel}","templated":true}]}}