{"id":242291,"date":"2023-11-13T08:08:46","date_gmt":"2023-11-13T07:08:46","guid":{"rendered":"https:\/\/www.cronacaonline.it\/?p=242291"},"modified":"2023-11-13T08:08:49","modified_gmt":"2023-11-13T07:08:49","slug":"dichiarazione-dellon-silvio-lai-deputato-pd-della-commissione-bilancio-della-camera-su-dimissioni-direttori-carceri-in-sardegna-fallimento-prevedibile-altro-che-pronti-siamo-di-fronte-a-diletta","status":"publish","type":"post","link":"https:\/\/www.cronacaonline.it\/index.php\/2023\/11\/13\/dichiarazione-dellon-silvio-lai-deputato-pd-della-commissione-bilancio-della-camera-su-dimissioni-direttori-carceri-in-sardegna-fallimento-prevedibile-altro-che-pronti-siamo-di-fronte-a-diletta\/","title":{"rendered":"Dichiarazione dell&#8217;on. Silvio Lai, deputato PD della Commissione bilancio della Camera su dimissioni direttori carceri in Sardegna: fallimento prevedibile. Altro che pronti, siamo di fronte a dilettanti."},"content":{"rendered":"\n<p>Cagliari, 13 Nov 2023 - Le dimissioni immediate dei direttori delle carceri in Sardegna mostrano una sola verit\u00e0: il Governo Meloni e la maggioranza di centrodestra mostra evidenti limiti anche nella attivit\u00e0 pi\u00f9 ordinaria, solo da dilettanti allo sbaraglio, anche sulla gestione delle carceri.\u00a0<\/p>\n\n\n\n<p>Prima l\u2019annuncio in pompa magna con i ringraziamenti urbi et orbi al sottosegretario alla giustizia Del Mastro Delle Vedove per lo \u201cstorico risultato\u201d di aver nominato ben 6 direttori per 6 carceri in Sardegna.&nbsp; Un \u201crisultato storico\u201d (per niente storico peraltro) che \u00e8 durato il tempo che l\u2019amministrazione penitenziaria e il governo ricevesse le mail di dimissioni immediate della met\u00e0 dei nominati.<\/p>\n\n\n\n<p>Un bagno di realt\u00e0 che colpisce il governo e la maggioranza ogni volta che assumono decisioni su vicende serie prendendo scorciatoie da campagna elettorale. E cos\u00ec dopo la tassa sugli utili delle banche, l\u2019inseguimento di scafisti sul globo terraqueo, l\u2019abbattimento delle accise sui carburanti, la cancellazione della Fornero, un\u2019altra doccia fredda di cui non intendiamo certo gioire ma che mostra al governo che non \u00e8 cos\u00ec facile come pensavano e che sono meno pronti di quanto credevano.<\/p>\n\n\n\n<p>La realt\u00e0 del carcere \u00e8 molto pi\u00f9 complessa, non basta fare i concorsi per coprire gli organici, non basta inviare o nominare direttori se non ci sono condizioni operative di vivibilit\u00e0, non si parte dalla testa per affrontare questa problematica. Come non pu\u00f2 funzionare un ospedale solo se nomini un direttore generale, cos\u00ec in un carcere se non si garantisce il pieno funzionamento anche un direttore preferisce rinunciare piuttosto che non essere in condizioni di farlo. Spero ora che studi meglio la situazione chi deve decidere e cerchino le soluzioni, lavorando in silenzio e con sobriet\u00e0 piuttosto che inseguire la propaganda inutile e dannosa. Com<\/p>\n","protected":false},"excerpt":{"rendered":"<p>Cagliari, 13 Nov 2023 &#8211; Le dimissioni immediate dei direttori delle carceri in Sardegna mostrano una sola verit\u00e0: il Governo Meloni e la maggioranza di&#8230;<\/p>\n","protected":false},"author":2,"featured_media":241381,"comment_status":"closed","ping_status":"open","sticky":false,"template":"","format":"standard","meta":[],"categories":[49,52],"tags":[],"_links":{"self":[{"href":"https:\/\/www.cronacaonline.it\/index.php\/wp-json\/wp\/v2\/posts\/242291"}],"collection":[{"href":"https:\/\/www.cronacaonline.it\/index.php\/wp-json\/wp\/v2\/posts"}],"about":[{"href":"https:\/\/www.cronacaonline.it\/index.php\/wp-json\/wp\/v2\/types\/post"}],"author":[{"embeddable":true,"href":"https:\/\/www.cronacaonline.it\/index.php\/wp-json\/wp\/v2\/users\/2"}],"replies":[{"embeddable":true,"href":"https:\/\/www.cronacaonline.it\/index.php\/wp-json\/wp\/v2\/comments?post=242291"}],"version-history":[{"count":1,"href":"https:\/\/www.cronacaonline.it\/index.php\/wp-json\/wp\/v2\/posts\/242291\/revisions"}],"predecessor-version":[{"id":242292,"href":"https:\/\/www.cronacaonline.it\/index.php\/wp-json\/wp\/v2\/posts\/242291\/revisions\/242292"}],"wp:featuredmedia":[{"embeddable":true,"href":"https:\/\/www.cronacaonline.it\/index.php\/wp-json\/wp\/v2\/media\/241381"}],"wp:attachment":[{"href":"https:\/\/www.cronacaonline.it\/index.php\/wp-json\/wp\/v2\/media?parent=242291"}],"wp:term":[{"taxonomy":"category","embeddable":true,"href":"https:\/\/www.cronacaonline.it\/index.php\/wp-json\/wp\/v2\/categories?post=242291"},{"taxonomy":"post_tag","embeddable":true,"href":"https:\/\/www.cronacaonline.it\/index.php\/wp-json\/wp\/v2\/tags?post=242291"}],"curies":[{"name":"wp","href":"https:\/\/api.w.org\/{rel}","templated":true}]}}