{"id":242280,"date":"2023-11-12T07:45:53","date_gmt":"2023-11-12T06:45:53","guid":{"rendered":"https:\/\/www.cronacaonline.it\/?p=242280"},"modified":"2023-11-12T07:45:55","modified_gmt":"2023-11-12T06:45:55","slug":"elezioni-regionali-2024-renato-soru-ieri-dal-teatro-doglio-annuncia-la-sua-ricandidatura-alla-presidenza-della-regione-soru-non-rinuncio-la-mia-candidatura-e-in-campo-il-campo-la","status":"publish","type":"post","link":"https:\/\/www.cronacaonline.it\/index.php\/2023\/11\/12\/elezioni-regionali-2024-renato-soru-ieri-dal-teatro-doglio-annuncia-la-sua-ricandidatura-alla-presidenza-della-regione-soru-non-rinuncio-la-mia-candidatura-e-in-campo-il-campo-la\/","title":{"rendered":"Elezioni regionali 2024: Renato Soru ieri dal Teatro Doglio annuncia la sua ricandidatura alla presidenza della Regione. Soru non rinuncio: \u201cLa mia candidatura \u00e8 in campo\u201d. Il campo largo si restringe e parte gi\u00e0 azzoppato con sconfitta quasi sicura."},"content":{"rendered":"\n<p>Cagliari, 12 Nov 2023 \u2013 Ieri, al Teatro Doglio, l\u2019ex presidente della Regione Sardegna, ha annunciato la sua ricandidatura alla presidenza dell\u2019isola. Spaccando inesorabilmente il cosiddetto il campo largo e dando cos\u00ec buona possibilit\u00e0 di vittoria anche a Solinas se venisse ricandidato, cosa poco probabile. Ma portando alla sicura sconfitta delle attuali opposizioni in Consiglio regionale e altri partiti e aggregazioni non rappresentate nell\u2019Assemblea sarda, se venisse candidato l\u2019attuale Sindaco di Cagliari Truzzu.<\/p>\n\n\n\n<p>Soru, durante l\u2019incontro con sostenitori e curiosi, ha affermato nel tardo pomeriggio di ieri al Doglio: \u201cHo dato la mia disponibilit\u00e0 per la candidatura alla presidenza della Regione. Non credo \u2013 ha aggiunto - sia l\u2019unica&nbsp;possibile. L\u2019unica cosa che non pu\u00f2 esistere \u00e8 la negazione del confronto e le imposizioni sulla base di ragionamenti nazionali\u201d.<\/p>\n\n\n\n<p>Alla prima dell\u2019iniziativa, con lo slogan \u201cUna rivoluzione gentile\u201d, organizzata appunto al Teatro Doglio di Cagliari, con i Progressisti, Liberu&nbsp;e Pi\u00f9 Europa, ovvero le tre sigle che hanno abbandonato il tavolo del campo largo che due giorni fa ha designato Alessandra Todde candidata governatrice ufficiale dopo messa in campo e voluta fortemente, pena il non accordo, di Conte e la segretaria del Pd, Elly Schlein. Loro lo negano ma la realt\u00e0 \u00e8 questa e la fanno passare come una scelta del campo largo sardo. E su Todde, Soru ha spiegato che \u00abpu\u00f2 anche essere la candidata migliore, ma lo deve dire il popolo sardo: si presenti, si confronti e si faccia scegliere. In quel caso sar\u00f2 al suo fianco per aiutarla\u201d.&nbsp;<\/p>\n\n\n\n<p>Per Massimo Zedda (Progressisti) - sul palco con Soru, Giulia Lai&nbsp;di Liberu e Riccardo Lo Monaco di pi\u00f9 Europa \u2013 \u201cquella di oggi \u00e8 un\u2019iniziativa per l\u2019unit\u00e0 contro le divisioni: perch\u00e9 questo accada c\u2019\u00e8 bisogno di un confronto schietto e plurale\u201d.&nbsp; Zedda ha inoltre precisato di essere consapevole che \u201cse si dovesse andare divisi, esiste la certezza della sconfitta\u201d. Che conferma quello che da giorni su queste pagine noi ribadiamo. Quindi un campo largo che si restringe e votato a perdere. Perch\u00e9 il centro sinistra e di area, hanno paura di vincere e quindi partono consapevoli di essere sconfitti. Infatti, se ora a Roma vi \u00e8 al governo una destra e destra estrema al governo non \u00e8 perch\u00e9 sono stati pi\u00f9 bravi ma \u00e8 solo colpa del centro sinistra che non vuole vincere e come al solito fa di tutto per essere sconfitto.<\/p>\n","protected":false},"excerpt":{"rendered":"<p>Cagliari, 12 Nov 2023 \u2013 Ieri, al Teatro Doglio, l\u2019ex presidente della Regione Sardegna, ha annunciato la sua ricandidatura alla presidenza dell\u2019isola. Spaccando inesorabilmente il&#8230;<\/p>\n","protected":false},"author":2,"featured_media":242281,"comment_status":"closed","ping_status":"open","sticky":false,"template":"","format":"standard","meta":[],"categories":[49,52],"tags":[],"_links":{"self":[{"href":"https:\/\/www.cronacaonline.it\/index.php\/wp-json\/wp\/v2\/posts\/242280"}],"collection":[{"href":"https:\/\/www.cronacaonline.it\/index.php\/wp-json\/wp\/v2\/posts"}],"about":[{"href":"https:\/\/www.cronacaonline.it\/index.php\/wp-json\/wp\/v2\/types\/post"}],"author":[{"embeddable":true,"href":"https:\/\/www.cronacaonline.it\/index.php\/wp-json\/wp\/v2\/users\/2"}],"replies":[{"embeddable":true,"href":"https:\/\/www.cronacaonline.it\/index.php\/wp-json\/wp\/v2\/comments?post=242280"}],"version-history":[{"count":1,"href":"https:\/\/www.cronacaonline.it\/index.php\/wp-json\/wp\/v2\/posts\/242280\/revisions"}],"predecessor-version":[{"id":242282,"href":"https:\/\/www.cronacaonline.it\/index.php\/wp-json\/wp\/v2\/posts\/242280\/revisions\/242282"}],"wp:featuredmedia":[{"embeddable":true,"href":"https:\/\/www.cronacaonline.it\/index.php\/wp-json\/wp\/v2\/media\/242281"}],"wp:attachment":[{"href":"https:\/\/www.cronacaonline.it\/index.php\/wp-json\/wp\/v2\/media?parent=242280"}],"wp:term":[{"taxonomy":"category","embeddable":true,"href":"https:\/\/www.cronacaonline.it\/index.php\/wp-json\/wp\/v2\/categories?post=242280"},{"taxonomy":"post_tag","embeddable":true,"href":"https:\/\/www.cronacaonline.it\/index.php\/wp-json\/wp\/v2\/tags?post=242280"}],"curies":[{"name":"wp","href":"https:\/\/api.w.org\/{rel}","templated":true}]}}