{"id":242208,"date":"2023-11-10T15:08:58","date_gmt":"2023-11-10T14:08:58","guid":{"rendered":"https:\/\/www.cronacaonline.it\/?p=242208"},"modified":"2023-11-10T15:09:02","modified_gmt":"2023-11-10T14:09:02","slug":"areus-presentato-il-progetto-116117-gli-assessori-doria-e-saiu-servizio-importante-per-il-territorio-avviati-i-lavori-per-la-centrale-operativa","status":"publish","type":"post","link":"https:\/\/www.cronacaonline.it\/index.php\/2023\/11\/10\/areus-presentato-il-progetto-116117-gli-assessori-doria-e-saiu-servizio-importante-per-il-territorio-avviati-i-lavori-per-la-centrale-operativa\/","title":{"rendered":"Areus, presentato il progetto \u2018116117\u2019. Gli assessori Doria e Saiu: \u201cservizio importante per il territorio, avviati i lavori per la centrale operativa\u201d."},"content":{"rendered":"\n<p>Nuoro, 10 Nov 2023 - Presentato oggi a Nuoro, nella sede di Areus, il progetto del NEA, 116117 (uno-uno-sei-uno-uno-sette), il numero europeo armonizzato per l\u2019accesso alle cure mediche non urgenti e altri servizi sanitari territoriali. La centrale operativa di risposta per tutta la Sardegna sar\u00e0 proprio a Nuoro, nell\u2019ex convento delle Carmelitane scalze, in via Oggiano, al termine di un intervento finanziato dalla Regione. Presenti all\u2019incontro l\u2019assessore regionale della Sanit\u00e0, Carlo Doria, che ha portato i saluti del presidente della Regione, e l\u2019assessore dei Lavori Pubblici, Pierluigi Saiu, oltre al direttore generale di Areus, Simonetta Bettelini, il direttore generale dell\u2019assessorato della Sanit\u00e0, Francesca Piras, e al sindaco di Nuoro, Andrea Soddu.<\/p>\n\n\n\n<p>\u201cLa Sardegna - dichiara l\u2019assessore Doria - \u00e8 avanti su un servizio oggi attivo solo in poche Regioni. Un servizio che arricchisce l\u2019offerta sanitaria del territorio, completamente integrato e coordinato con gli altri servizi. L\u2019116117 costituir\u00e0 un ulteriore filtro che consentir\u00e0 una gestione pi\u00f9 moderna ed efficiente dell\u2019assistenza, consentendo ai cittadini di trovare in modo pi\u00f9 semplice una risposta alle proprie necessit\u00e0 e, allo stesso tempo, di ridurre l\u2019impatto sui punti di guardia medica e soprattutto sui pronto soccorso. Un progetto che va di pari passo con quello che stiamo facendo con i medici di medicina generale, nella rivisitazione della rete della continuit\u00e0 assistenziale, attraverso il nuovo Accordo integrativo regionale, fermo dal 2010, che contiamo di chiudere a breve\u201d.<\/p>\n\n\n\n<p>Nella struttura di propriet\u00e0 del Comune di Nuoro e oggi sede di Areus procedono i lavori di riqualificazione degli spazi che ospiteranno la centrale unica. \u201cA giugno - dichiara l\u2019assessore Saiu, esprimendo soddisfazione - di concerto con l\u2019assessorato della Sanit\u00e0 abbiamo presentato la delibera per il finanziamento dell\u2019intervento e l\u2019assegnazione delle risorse a OIS, Opere e infrastrutture della Sardegna, la societ\u00e0 in-house della Regione, che fa capo all\u2019assessorato dei Lavori pubblici e soggetto attuatore dell\u2019intervento. Abbiamo mantenuto cos\u00ec gli impegni e in tempi rapidi \u00e8 stato avviato il cantiere. Il NEA rappresenta un servizio importante per tutta la Sardegna e la Centrale rappresenta anche un\u2019opportunit\u00e0 per il reclutamento di personale qualificato. Con la riforma sanitaria abbiamo difeso Areus e la sua presenza a Nuoro, che ora si rafforza con un nuovo importante servizio\u201d. Red<\/p>\n","protected":false},"excerpt":{"rendered":"<p>Nuoro, 10 Nov 2023 &#8211; Presentato oggi a Nuoro, nella sede di Areus, il progetto del NEA, 116117 (uno-uno-sei-uno-uno-sette), il numero europeo armonizzato per l\u2019accesso&#8230;<\/p>\n","protected":false},"author":2,"featured_media":242209,"comment_status":"closed","ping_status":"open","sticky":false,"template":"","format":"standard","meta":[],"categories":[49,52],"tags":[],"_links":{"self":[{"href":"https:\/\/www.cronacaonline.it\/index.php\/wp-json\/wp\/v2\/posts\/242208"}],"collection":[{"href":"https:\/\/www.cronacaonline.it\/index.php\/wp-json\/wp\/v2\/posts"}],"about":[{"href":"https:\/\/www.cronacaonline.it\/index.php\/wp-json\/wp\/v2\/types\/post"}],"author":[{"embeddable":true,"href":"https:\/\/www.cronacaonline.it\/index.php\/wp-json\/wp\/v2\/users\/2"}],"replies":[{"embeddable":true,"href":"https:\/\/www.cronacaonline.it\/index.php\/wp-json\/wp\/v2\/comments?post=242208"}],"version-history":[{"count":1,"href":"https:\/\/www.cronacaonline.it\/index.php\/wp-json\/wp\/v2\/posts\/242208\/revisions"}],"predecessor-version":[{"id":242210,"href":"https:\/\/www.cronacaonline.it\/index.php\/wp-json\/wp\/v2\/posts\/242208\/revisions\/242210"}],"wp:featuredmedia":[{"embeddable":true,"href":"https:\/\/www.cronacaonline.it\/index.php\/wp-json\/wp\/v2\/media\/242209"}],"wp:attachment":[{"href":"https:\/\/www.cronacaonline.it\/index.php\/wp-json\/wp\/v2\/media?parent=242208"}],"wp:term":[{"taxonomy":"category","embeddable":true,"href":"https:\/\/www.cronacaonline.it\/index.php\/wp-json\/wp\/v2\/categories?post=242208"},{"taxonomy":"post_tag","embeddable":true,"href":"https:\/\/www.cronacaonline.it\/index.php\/wp-json\/wp\/v2\/tags?post=242208"}],"curies":[{"name":"wp","href":"https:\/\/api.w.org\/{rel}","templated":true}]}}