{"id":242204,"date":"2023-11-10T14:39:35","date_gmt":"2023-11-10T13:39:35","guid":{"rendered":"https:\/\/www.cronacaonline.it\/?p=242204"},"modified":"2023-11-10T14:39:37","modified_gmt":"2023-11-10T13:39:37","slug":"trasporti-e-turismo-assessori-moro-e-chessa-i-numeri-del-traffico-passeggeri-negli-scali-aereoportuali-dimostrano-il-successo-delle-politiche-regionali","status":"publish","type":"post","link":"https:\/\/www.cronacaonline.it\/index.php\/2023\/11\/10\/trasporti-e-turismo-assessori-moro-e-chessa-i-numeri-del-traffico-passeggeri-negli-scali-aereoportuali-dimostrano-il-successo-delle-politiche-regionali\/","title":{"rendered":"Trasporti e turismo, assessori Moro e Chessa: \u2018i numeri del traffico passeggeri negli scali aereoportuali dimostrano il successo delle politiche regionali\u2019."},"content":{"rendered":"\n<p>Cagliari,\u00a010 Nov 2023\u00a0\u2013 \u201cI numeri del traffico passeggeri negli scali aereoportuali isolani, registrati da gennaio a\u00a0ottobre 2023, sono importanti e incoraggianti. L\u2019aumento di oltre 700mila unit\u00e0 (747.730 rispetto al 2022 e 789.332 rispetto al 2019) dimostra il successo delle politiche regionali in tema di trasporti e turismo. In particolare, certifica la tenuta del trasporto aereo. Mantenendo questo andamento, chiuderemo l\u2019anno con almeno un milione di passeggeri in pi\u00f9\u201d. Lo ha detto l\u2019assessore regionale dei Trasporti, Antonio Moro, che,\u00a0questa mattina\u00a0insieme all\u2019assessore regionale del Turismo, Gianni Chessa, ha presentato i dati del traffico relativi alla stagione estiva 2023.\u00a0<br>\u201cNei tre aeroporti si \u00e8 registrata una stagione record, con un aumento del 5,89% rispetto al 2022 (+382.774) e del 6% rispetto al 2019 (+413.228) \u2013 ha aggiunto l\u2019assessore Moro \u2013 \u00a0In totale quasi 7 milioni di arrivi tra\u00a0gennaio\u00a0e\u00a0ottobre\u00a0Numeri in crescita anche prendendo in considerazione solamente il \u2018periodo estivo\u2019 (da\u00a0giugno\u00a0a ottobre), a riprova che si sta verificando anche un importante allungamento della stagione: nel mese\u00a0di ottobre\u00a0si sono superati i 500mila arrivi: +3,21% rispetto al 2021 e +17% rispetto al 2019\u201d.<br>\u201cSono molto soddisfatto dall\u2019andamento che i numeri certificano senza possibilit\u00e0 di smentita. Porti e aeroporti sono le porte d\u2019accesso alla nostra Isola e registrare questi importanti risultati alimenta la speranza per un futuro migliore caratterizzato da una crescita dell\u2019intera economia isolana. Sminuirne l\u2019importanza non aiuta a riflettere per migliorare l\u2019intero sistema dei trasporti. Certamente ci sono ancora criticit\u00e0 da superare, ma le misure prese in tempi recenti cominciano a dare i primi risultati, come nella 'Continuit\u00e0 territoriale' con un aumento delle frequenze su Roma e Milano. Entro quest\u2019anno programmeremo gli aiuti diretti ai vettori per l\u2019apertura di nuove rotte, cos\u00ec da collegare meglio la Sardegna nello scenario internazionale, anche durante la prossima stagione invernale. Infine, saranno disponibili i contributi per gli abbattimenti dei costi del biglietto aereo per i passeggeri residenti under26 e over65\u201d, ha concluso l\u2019Assessore dei Trasporti.<br>Soddisfazione espressa anche dall\u2019assessore Chessa: \u201cLa politica del fare e del dare certezze sta pagando. Il turismo sardo \u00e8 in salute e opera con soddisfazione, soprattutto se c\u2019\u00e8 una buona programmazione e la certezza dei collegamenti. I numeri record di questi dieci mesi del 2023 dimostrano che gli investimenti per la promozione stanno funzionando, in particolare grazie alla programmazione di un ricco e intenso programma di eventi. Anche l\u2019indispensabile obiettivo di allungare la stagione comincia a diventare realt\u00e0\".<br>\"I numeri degli arrivi sono certificati e dicono anche che le presenze e la permanenza media sono in crescita rispetto agli scorsi anni: abbiamo gi\u00e0 superato il dato record del 2019 con 15 milioni di presenze. Le statistiche servono anche per programmare in maniera adeguata la prossima stagione turistica. Speriamo che si possa crescere anche nell\u2019accoglienza per dare continuit\u00e0 al traffico verso l\u2019Isola, migliorando la qualit\u00e0 dei servizi. 'Welcome to Sardinia' \u00e8 la frase simbolo che pu\u00f2 rappresentare l'accoglienza sarda come strumento di conquista nel mercato turistico internazionale\", ha aggiunto l'assessore Chessa. Com<\/p>\n","protected":false},"excerpt":{"rendered":"<p>Cagliari,\u00a010 Nov 2023\u00a0\u2013 \u201cI numeri del traffico passeggeri negli scali aereoportuali isolani, registrati da gennaio a\u00a0ottobre 2023, sono importanti e incoraggianti. L\u2019aumento di oltre 700mila&#8230;<\/p>\n","protected":false},"author":2,"featured_media":242205,"comment_status":"closed","ping_status":"open","sticky":false,"template":"","format":"standard","meta":[],"categories":[49,52],"tags":[],"_links":{"self":[{"href":"https:\/\/www.cronacaonline.it\/index.php\/wp-json\/wp\/v2\/posts\/242204"}],"collection":[{"href":"https:\/\/www.cronacaonline.it\/index.php\/wp-json\/wp\/v2\/posts"}],"about":[{"href":"https:\/\/www.cronacaonline.it\/index.php\/wp-json\/wp\/v2\/types\/post"}],"author":[{"embeddable":true,"href":"https:\/\/www.cronacaonline.it\/index.php\/wp-json\/wp\/v2\/users\/2"}],"replies":[{"embeddable":true,"href":"https:\/\/www.cronacaonline.it\/index.php\/wp-json\/wp\/v2\/comments?post=242204"}],"version-history":[{"count":1,"href":"https:\/\/www.cronacaonline.it\/index.php\/wp-json\/wp\/v2\/posts\/242204\/revisions"}],"predecessor-version":[{"id":242207,"href":"https:\/\/www.cronacaonline.it\/index.php\/wp-json\/wp\/v2\/posts\/242204\/revisions\/242207"}],"wp:featuredmedia":[{"embeddable":true,"href":"https:\/\/www.cronacaonline.it\/index.php\/wp-json\/wp\/v2\/media\/242205"}],"wp:attachment":[{"href":"https:\/\/www.cronacaonline.it\/index.php\/wp-json\/wp\/v2\/media?parent=242204"}],"wp:term":[{"taxonomy":"category","embeddable":true,"href":"https:\/\/www.cronacaonline.it\/index.php\/wp-json\/wp\/v2\/categories?post=242204"},{"taxonomy":"post_tag","embeddable":true,"href":"https:\/\/www.cronacaonline.it\/index.php\/wp-json\/wp\/v2\/tags?post=242204"}],"curies":[{"name":"wp","href":"https:\/\/api.w.org\/{rel}","templated":true}]}}