{"id":242175,"date":"2023-11-09T15:47:11","date_gmt":"2023-11-09T14:47:11","guid":{"rendered":"https:\/\/www.cronacaonline.it\/?p=242175"},"modified":"2023-11-09T15:47:15","modified_gmt":"2023-11-09T14:47:15","slug":"come-dai-noi-anticipato-due-giorni-fa-alessandra-todde-m5s-scelta-a-roma-e-la-candidata-ufficiale-del-campo-largo-al-momento-senza-progressisti-e-con-la-variabile-di-renato-soru","status":"publish","type":"post","link":"https:\/\/www.cronacaonline.it\/index.php\/2023\/11\/09\/come-dai-noi-anticipato-due-giorni-fa-alessandra-todde-m5s-scelta-a-roma-e-la-candidata-ufficiale-del-campo-largo-al-momento-senza-progressisti-e-con-la-variabile-di-renato-soru\/","title":{"rendered":"Come dai noi anticipato due giorni fa Alessandra Todde M5S, scelta a Roma, \u00e8 la candidata ufficiale del campo largo, al momento senza progressisti e con la variabile di Renato Soru."},"content":{"rendered":"\n<p>Cagliari, 9 Nov 2023 \u2013 Come da noi anticipato due giorni fa, la deputata Alessandra Todde del Movimento Cinque Stelle, \u00e8 la candidata governatrice ufficiale del Campo Largo, che ogni giorno di pi\u00f9 si \u00e8 ristretto, e con l\u2019incognita dei progressisti e Renato Soru, che sabato alle ore 17 al Palazzo Doglio i primi e al Teatro Doglio Soru daranno la loro risposta ufficiale se aderire o meno, per le Regionali del 2024. L'ha hanno deciso i vari capi partito e movimenti presenti nel primo pomeriggio di oggi presso la sede di Via Emilia del Pd.<\/p>\n\n\n\n<p>In seguito, dopo la decisione, \u00e8 arrivata nella sede del Partito Democratico, la parlamentare ed ora candidata ufficialmente alla presidenza della Regione Sardegna. Che certamente non avr\u00e0 vita facile se mancheranno all\u2019appello i progressisti e Soru. Una variabile questa, che farebbe perdere quasi certamente voti al campo largo, e accompagnando la Todde verso la sconfitta. Ma anche senza questi la donna con Truzzu \u00e8 destinata a perdere ma potrebbe salvarsi se il candidato delle destre e qualche centrino, confermano Solinas.<\/p>\n\n\n\n<p>La parlamentare del M5S, arrivando in via emilia ha detto di essere felice, credo che oggi sia un giorno fondamentale per proseguire con questa coalizione del campo largo e di essere orgogliosa di rappresentare questa coalizione e gi\u00e0 da domani saremo sulle strade e piazze per parlare con i sardi e convincere le persone che incontreremo per strada che noi siamo l'alternativa migliore al peggior governo che questa regione abbia mai avuto.<\/p>\n\n\n\n<p>Ed ora si aspettano le prime mosse ufficiale della candidata Todde: si dimetter\u00e0 da parlamentare per dedicarsi a tempo pieno ai bisogni della Sardegna, che da quando \u00e8 in parlamento non ha fatto niente per l\u2019Isola. Almeno di cose tangibile nonostante il suo partito sia stato al governo del paese per vari anni. Oppure far\u00e0 come il presidente uscente che dopo l\u2019elezione a presidente non si \u00e8 dimesso ma aspettato quasi un anno per lasciare il ben remunerato posto al Senato.<\/p>\n","protected":false},"excerpt":{"rendered":"<p>Cagliari, 9 Nov 2023 \u2013 Come da noi anticipato due giorni fa, la deputata Alessandra Todde del Movimento Cinque Stelle, \u00e8 la candidata governatrice ufficiale&#8230;<\/p>\n","protected":false},"author":2,"featured_media":242077,"comment_status":"closed","ping_status":"open","sticky":false,"template":"","format":"standard","meta":[],"categories":[49,52],"tags":[],"_links":{"self":[{"href":"https:\/\/www.cronacaonline.it\/index.php\/wp-json\/wp\/v2\/posts\/242175"}],"collection":[{"href":"https:\/\/www.cronacaonline.it\/index.php\/wp-json\/wp\/v2\/posts"}],"about":[{"href":"https:\/\/www.cronacaonline.it\/index.php\/wp-json\/wp\/v2\/types\/post"}],"author":[{"embeddable":true,"href":"https:\/\/www.cronacaonline.it\/index.php\/wp-json\/wp\/v2\/users\/2"}],"replies":[{"embeddable":true,"href":"https:\/\/www.cronacaonline.it\/index.php\/wp-json\/wp\/v2\/comments?post=242175"}],"version-history":[{"count":1,"href":"https:\/\/www.cronacaonline.it\/index.php\/wp-json\/wp\/v2\/posts\/242175\/revisions"}],"predecessor-version":[{"id":242176,"href":"https:\/\/www.cronacaonline.it\/index.php\/wp-json\/wp\/v2\/posts\/242175\/revisions\/242176"}],"wp:featuredmedia":[{"embeddable":true,"href":"https:\/\/www.cronacaonline.it\/index.php\/wp-json\/wp\/v2\/media\/242077"}],"wp:attachment":[{"href":"https:\/\/www.cronacaonline.it\/index.php\/wp-json\/wp\/v2\/media?parent=242175"}],"wp:term":[{"taxonomy":"category","embeddable":true,"href":"https:\/\/www.cronacaonline.it\/index.php\/wp-json\/wp\/v2\/categories?post=242175"},{"taxonomy":"post_tag","embeddable":true,"href":"https:\/\/www.cronacaonline.it\/index.php\/wp-json\/wp\/v2\/tags?post=242175"}],"curies":[{"name":"wp","href":"https:\/\/api.w.org\/{rel}","templated":true}]}}