{"id":242168,"date":"2023-11-09T11:34:15","date_gmt":"2023-11-09T10:34:15","guid":{"rendered":"https:\/\/www.cronacaonline.it\/?p=242168"},"modified":"2023-11-09T11:34:18","modified_gmt":"2023-11-09T10:34:18","slug":"consiglio-sardegna-variazione-al-bilancio-2023-2025-parere-positivo-della-sesta-commissione-la-quinta-chiede-approfondimenti-su-alcuni-capitoli-dellagricoltura","status":"publish","type":"post","link":"https:\/\/www.cronacaonline.it\/index.php\/2023\/11\/09\/consiglio-sardegna-variazione-al-bilancio-2023-2025-parere-positivo-della-sesta-commissione-la-quinta-chiede-approfondimenti-su-alcuni-capitoli-dellagricoltura\/","title":{"rendered":"Consiglio Sardegna &#8211; Variazione al Bilancio 2023-2025: parere positivo della Sesta commissione, la Quinta chiede approfondimenti su alcuni capitoli dell\u2019Agricoltura"},"content":{"rendered":"\n<p>Cagliari 9 Nov 2023 \u2013 Le commissioni Quinta e Sesta hanno completato l\u2019esame delle parti di competenza del Dl 396 \u201cModifiche alla legge di stabilit\u00e0 2023-2025 e variazioni al bilancio\u201d.<\/p>\n\n\n\n<p>Commissione sanit\u00e0 - Il parlamentino della \u201cSanit\u00e0\u201d presieduto da Antonio Mario Mundula (FdI) ha espresso parere positivo, con l\u2019astensione dei consiglieri di minoranza, al disegno di legge di variazione del bilancio presentato dalla Giunta. La Commissione ha chiesto lo stralcio del comma 1 dell\u2019art 2 che prevede l\u2019incremento del fondo a favore dei disabili gravi di 12 milioni di euro per il 2023. Su questo punto la commissione, con il parere favorevole dell'assessore alla sanit\u00e0 Carlo Doria, proporr\u00e0 l\u2019esame immediato del provvedimento da parte dell\u2019Aula, con carattere di urgenza, come previsto dall\u2019articolo 102 del Regolamento interno.<\/p>\n\n\n\n<p>La Commissione, nella seduta di ieri sera, ha inoltre espresso, all\u2019unanimit\u00e0, parere favorevole all\u2019istituzione del reddito di libert\u00e0 per le donne vittime di violenza. La somma \u00e8 pari a 811 euro al mese, incrementata di 100 o 200 euro in caso di presenza nel nucleo familiare di uno o pi\u00f9 figli con disabilit\u00e0. Lo stanziamento complessivo proposto dalla Giunta \u00e8 di 1,5 milioni di euro per il triennio 2023-2025.<\/p>\n\n\n\n<p>Commissione attivit\u00e0 produttive - Serviranno invece ulteriori approfondimenti per l\u2019espressione del parere della Commissione \u201cAttivit\u00e0 Produttive\u201d sulla variazione al bilancio proposta dalla Giunta. La commissione, in particolare, ha chiesto chiarimenti su alcuni capitoli di competenza dell\u2019assessorato all\u2019Agricoltura.<\/p>\n\n\n\n<p>L\u2019organismo consiliare guidato da Piero Maieli (Psd\u2019Az) ha invece espresso, all\u2019unanimit\u00e0, parere positivo sui criteri per la concessione di contributi per gli eventi del Capodanno 2023 subordinandolo, per\u00f2, all\u2019accoglimento di alcune proposte di modifica che saranno oggetto di valutazione da parte dell\u2019assessorato al Turismo.<\/p>\n\n\n\n<p>Pareri positivi, anche questi all\u2019unanimit\u00e0, su altri due provvedimenti di iniziativa dell\u2019esecutivo regionale. Il primo riguarda le \u201cDirettive di attuazione per la disciplina delle strutture ricettive all\u2019aria aperta (campeggi, villaggi turistici e resort)\u201d, il secondo le \u201cDirettive sui programmi annuali di sostegno ai centri commerciali naturali della Sardegna\u201d.<\/p>\n\n\n\n<p>Oggi si riuniranno le Commissioni \u201cAutonomia\u201d, \u201cLavoro e cultura\u201d e \u201cGoverno del territorio\u201d per esprimere il parere di competenza sul Dl 396 \u201cModifiche alla legge di stabilit\u00e0 2023-2025 e variazioni al bilancio\u201d.<\/p>\n\n\n\n<p>Domani, alle 10,30, si riunir\u00e0 invece la Terza Commissione per l\u2019esame finale della proposta di variazione del Bilancio. Com<\/p>\n","protected":false},"excerpt":{"rendered":"<p>Cagliari 9 Nov 2023 \u2013 Le commissioni Quinta e Sesta hanno completato l\u2019esame delle parti di competenza del Dl 396 \u201cModifiche alla legge di stabilit\u00e0&#8230;<\/p>\n","protected":false},"author":2,"featured_media":239400,"comment_status":"closed","ping_status":"open","sticky":false,"template":"","format":"standard","meta":[],"categories":[49,52],"tags":[],"_links":{"self":[{"href":"https:\/\/www.cronacaonline.it\/index.php\/wp-json\/wp\/v2\/posts\/242168"}],"collection":[{"href":"https:\/\/www.cronacaonline.it\/index.php\/wp-json\/wp\/v2\/posts"}],"about":[{"href":"https:\/\/www.cronacaonline.it\/index.php\/wp-json\/wp\/v2\/types\/post"}],"author":[{"embeddable":true,"href":"https:\/\/www.cronacaonline.it\/index.php\/wp-json\/wp\/v2\/users\/2"}],"replies":[{"embeddable":true,"href":"https:\/\/www.cronacaonline.it\/index.php\/wp-json\/wp\/v2\/comments?post=242168"}],"version-history":[{"count":1,"href":"https:\/\/www.cronacaonline.it\/index.php\/wp-json\/wp\/v2\/posts\/242168\/revisions"}],"predecessor-version":[{"id":242169,"href":"https:\/\/www.cronacaonline.it\/index.php\/wp-json\/wp\/v2\/posts\/242168\/revisions\/242169"}],"wp:featuredmedia":[{"embeddable":true,"href":"https:\/\/www.cronacaonline.it\/index.php\/wp-json\/wp\/v2\/media\/239400"}],"wp:attachment":[{"href":"https:\/\/www.cronacaonline.it\/index.php\/wp-json\/wp\/v2\/media?parent=242168"}],"wp:term":[{"taxonomy":"category","embeddable":true,"href":"https:\/\/www.cronacaonline.it\/index.php\/wp-json\/wp\/v2\/categories?post=242168"},{"taxonomy":"post_tag","embeddable":true,"href":"https:\/\/www.cronacaonline.it\/index.php\/wp-json\/wp\/v2\/tags?post=242168"}],"curies":[{"name":"wp","href":"https:\/\/api.w.org\/{rel}","templated":true}]}}