{"id":242148,"date":"2023-11-08T15:45:26","date_gmt":"2023-11-08T14:45:26","guid":{"rendered":"https:\/\/www.cronacaonline.it\/?p=242148"},"modified":"2023-11-08T15:45:30","modified_gmt":"2023-11-08T14:45:30","slug":"approvata-allunanimita-dal-consiglio-sardegna-la-legge-sul-riordino-del-comparto-ippico-ed-equestre-della-sardegna-il-consiglio-regionale-sara-riconvocato-a-domicilio","status":"publish","type":"post","link":"https:\/\/www.cronacaonline.it\/index.php\/2023\/11\/08\/approvata-allunanimita-dal-consiglio-sardegna-la-legge-sul-riordino-del-comparto-ippico-ed-equestre-della-sardegna-il-consiglio-regionale-sara-riconvocato-a-domicilio\/","title":{"rendered":"Approvata all\u2019unanimit\u00e0 dal Consiglio Sardegna la legge sul \u201cRiordino del comparto ippico ed equestre della Sardegna\u201d. Il Consiglio regionale sar\u00e0 riconvocato a domicilio."},"content":{"rendered":"\n<p>Cagliari, 8 Nov 2023 - La seduta del Consiglio regionale della Sardegna questa mattina \u00e8 stata aperta dal presidente Michele Pais che, dopo le formalit\u00e0 di rito, ha messo in discussione la proposta di legge di riordino del comparto ippico della Sardegna interrotta il 10 ottobre scorso subito dopo il voto sul passaggio agli articoli. Il provvedimento, nelle intenzioni dei proponenti, \u201cintende colmare un vuoto operativo nel comparto del cavallo dovuto alla soppressione, nel 2005, dell\u2019Istituto di incremento ippico. L\u2019idea \u00e8 quella di rafforzare le funzioni delegate ad Agris per il giusto riconoscimento del valore identitario delle produzioni equine regionali e il suo significato socio-economico attraverso interventi di valorizzazione e promozione delle specie e razze di equidi allevate in Sardegna\u201d.<\/p>\n\n\n\n<p>L\u2019aula ha approvato l\u2019articolo 1 \u201cFinalit\u00e0\u201d. Via libera all\u2019articolo 2 \u201cAzioni a sostegno del settore ippico ed equestre\u201d e all\u2019emendamento aggiuntivo n.1 che inserisce nel comma 1 la lettera b \u201cbis\u201d: \u201cNel rispetto della normativa statale e dell\u2019unione Europea, promuove ed incentiva lo sviluppo e la diffusione del turismo equestre quale strumento di diversificazione delle attivit\u00e0 turistiche regionali, di integrazione al reddito delle imprese agricole, di valorizzazione e promozione delle attivit\u00e0 con gli equidi, di sviluppo del territorio nel rispetto della sostenibilit\u00e0 ambientale e della qualit\u00e0 del paesaggio rurale coniugando l\u2019interscambio dei flussi tra la zona costiera e l\u2019area interna dell\u2019Isola\u201d e la lettera c: \u201cIncentiva lo sviluppo economico e sociale dei diversi comparti della Sardegna attraverso la realizzazione e la diffusione del turismo equestre della Sardegna al fine di far incontrare le esigenze di mercato con quelle dei fruitori integrando lo stesso marchio, la vacanza a cavallo con gli itinerari turistici nelle zone costiere e nelle aree interne e includendo la valorizzazione del patrimonio architettonico locale, dei bani ambientali e storico-culturali, delle tradizioni enogastronomiche e di quelle produttive e artigianali, delle arti e dei mestieri, delle strutture museali, anche attraverso l\u2019impiego di maestranze e professionalit\u00e0 proprie del mondo equestre\u201d.<\/p>\n\n\n\n<p>Via libera anche all\u2019emendamento all\u2019emendamento n.31 che delibera il sostegno, anche attraverso montepremi, agli ippodromi sardi riconosciuti dal Masaf.<\/p>\n\n\n\n<p>Disco verde anche per l\u2019emendamento n.3 che aggiunge le parole \u201cNel turismo sportivo\u201d all\u2019articolo 2, comma 1, lettera b dopo le parole \u201csuo impegno nell\u2019ippica\u201d e la lettera d bis) \u201cFavorisce la creazione della filiera agricola per il miglioramento della qualit\u00e0 di fieni e mangimi\u201d. Approvato l\u2019emendamento n.2 che al comma 1, lettera d) dopo le parole \u201cpurosangue arabo\u201d aggiunge le parole \u201ccavallo da sella italiano\u201d.<\/p>\n\n\n\n<p>L\u2019Aula ha quindi approvato l\u2019articolo 3 \u201cCompiti della Regione\u201d e gli emendamenti n.5 (che istituisce il registro delle associazioni ippiche e delle aziende professionali equine) e n.4 (che ribadisce il sostegno delle attivit\u00e0 ippiche, ivi comprese quelle derivanti dall\u2019effettuazione di discipline sportive).<\/p>\n\n\n\n<p>Voto favorevole anche per l\u2019articolo 4 \u201cIstituzione dell\u2019Agenzia Asvi Sardegna\u201d e all\u2019emendamento n.24 che rimanda al 1\u00b0 gennaio del 2024 l\u2019assunzione da parte dell\u2019Asvi delle competenze gi\u00e0 derivate all\u2019Agenzia Agris dall\u2019Istituto di incremento ippico.<\/p>\n\n\n\n<p>Approvato l\u2019articolo 5 \u201cCompiti dell\u2019Agenzia Asvi Sardegna\u201d, compresi gli emendamenti n. 6 (che aggiunge la lettera O bis al comma 1 \u201cLa collaborazione con le associazioni per la promozione del turismo sportivo, la convegnistica e la formazione\u201d) e 32 (che al comma 1 aggiunge la lettera O ter \u201cil sostegno agli ippodromi sardi riconosciuti dal Masaf che sviluppano attivit\u00e0 ippiche, ivi comprese quelle derivanti dalle discipline sportive, attraverso il finanziamento dei relativi montepremi, delle strutture logistiche e delle dotazioni tecnologiche, nell\u2019ambito delle risorse stanziate ai sensi dell\u2019art.2 comma 1\u201d<\/p>\n\n\n\n<p>Via libera all\u2019articolo 5 bis \u201cCompetenze della Giunta regionale\u201d e agli emendamenti n. 21 (alla fine del comma 4 aggiunge le parole \u201cAl fine di assicurare la continuit\u00e0 delle attivit\u00e0 istituzionali, fino alla data di approvazione del primo bilancio di previsione pluriennale dell\u2019Agenzia Asvi, tutti gli adempimenti di natura contabile e finanziaria sono svolti dall\u2019Agenzia Agris\u00bb.<\/p>\n\n\n\n<p>Approvato l\u2019articolo 5 ter \u201cOrgani dell\u2019Agenzia Asvi Sardegna emendamenti\u201d e gli emendamenti n.14 che sostituisce il comma 2 con il seguente: \u00abIl direttore dell\u2019Agenzia \u00e8 nominato dall\u2019assessore competente in materia di personale previa conforme deliberazione della Giunta regionale adottata su proposta dell\u2019assessore all\u2019agricoltura, tra i dirigenti del sistema Regione in possesso di elevate competenze in materia di organizzazione ed amministrazione e provvisti di comprovata competenza ed esperienza nel comparto ippico) e l\u2019emendamento all\u2019emendamento n.33 (il direttore generale esercita le funzioni di cui all\u2019art 30 della legge regionale n.13 del 2006 e all\u2019art.24 della legge regionale n.31 del 1998). (Psp)<\/p>\n\n\n\n<p>Via libera, quindi, all\u2019articolo 5 quater (Personale). Approvato anche l\u2019emendamento 22=26=20 (Mele e pi\u00f9) che sostituisce il comma 1 dell\u2019articolo 5 quarter e prevede che il personale di ruolo dell\u2019agenzia Agris Sardegna, in forza nel servizio di ricerca per la qualit\u00e0 e valorizzazione delle produzione equine e nel servizio di ricerca per le produzione equine, a far data dal 1 gennaio 2024, sia inquadrato nell\u2019Agenzia Asvi Sardegna con la salvaguardia del trattamento giuridico economico e previdenziale compresso quello integrativo. Approvato anche l\u2019emendamento orale proposto dalla consigliera Desir\u00e8 Manca (M5S), che al comma 4 dopo \u201cl'Agenzia Asvi Sardegna\u201d inserisce \u201cprevio scorrimento della graduatoria vigente nell\u2019agenzia Laore\u201d. Via libera all\u2019emendamento n. 23 (uguale al 25 e al 30) Mele e Cossa che prevede di aggiungere il comma 4 bis all\u2019articolo 5 quarter. Questo comma prevede che fino al completamento delle procedure selettive tutte le attivit\u00e0 inerenti la gestione giuridica del personale sono svolte dall\u2019Agenzia. Sono intervenuti la consigliera Desir\u00e8 Manca (M5S), Daniele Cocco (Arv), Massimo Zedda (Progressisti), Francesco Agus (capogruppo dei Progressisti), Piero Maieli (Psd\u2019Az), presidente della Commissione Attivit\u00e0 produttive) e Alessandro Solinas (capogruppo M5S).<\/p>\n\n\n\n<p>Il Consiglio ha, poi, approvato l\u2019articolo 5 quinques (Patrimonio e entrate) con la soppressione della lettera d), proposta dal presidente Maieli dopo la richiesta del Comune di Burgos di avere pi\u00f9 tempo per condividere con la propria comunit\u00e0 lo sviluppo della foresta di Burgos. La lettera d) \u00e8 stata soppressa. Via libera all\u2019emendamento n. 27 (Gallus e pi\u00f9) che nella lettera c) del comma 1 dell\u2019articolo 5 quinquies le parole \u201cnel comune di Abbasanta\u201d sono sostituite con le parole \u201csita nei comuni di Abbasanta e Paulilatino). Sono intervenuti i consiglieri Daniele Cocco (arv), Michele Cossa (Riformatori), Desir\u00e8 Manca (M5S).<\/p>\n\n\n\n<p>L\u2019Aula ha poi approvato l\u2019articolo 5 sexies (Modifiche alla tabella A della legge regionale n. 14 del 1995 e all'allegato 1 della legge regionale n. 31 del 1998). Via libera all\u2019articolo 6 (Comitato ippico) e agli emendamenti n. 34, 35 e 9. L\u2019emendamento all\u2019emendamento 34 (Maieli) aggiunge all\u2019emendamento 9, dopo le parole \u201cUn esperto di turismo equestre nominato dalle associazioni regionali di settore\u201d, le parole \u201cprovviste di personalit\u00e0 giuridica\u201d. L\u2019emendamento all\u2019emendamento 35, all\u2019emendamento 9, modifica alcune parole dell\u2019emendamento \u201c\u00e8 aggiunta la seguente\u201d con \u201csono aggiunte le seguenti\u201d: dopo la lettera \u201cgbis\u201d un esperto di turismo equestre nominato dalle associazioni regionali di settore \u00e8 aggiuntala lettera gter \u201cun rappresentante degli ippodromi sardi\u201d. L\u2019emendamento 9 (Ennas e Piras) presentato all\u2019art 6: \u201cal comma 3 dopo la lettera G \u00e8 aggiunta la lettera Gbis: un esperto di turismo equestre nominato dalle associazioni regionale del settore\u201d. E\u2019 intervenuto il consigliere Michele Cossa (Riformatori).<\/p>\n\n\n\n<p>Approvato l\u2019articolo 7 (Funzioni del Comitato ippico) e l\u2019articolo 8 (Commissione genetica) con l\u2019emendamento n. 10 che, al comma 1, dopo le parole \u201crazze equine allevate in Sardegna\u201d aggiunge le parole \u201cin coerenza con le esigenze di mercato\u201d. Approvati poi gli articolo 9 (Spettacolo e sport) e 10 (Formazione). L\u2019Aula ha poi approvato l\u2019articolo 11 (Salvaguardia della biodiversit\u00e0 e del buon mantenimento della risorsa equina) e l\u2019emendamento 29 (Maieli e pi\u00f9) con l\u2019emendamento all\u2019emendamento n. 36 (Maieli). Il testo aggiunge dopo l\u2019articolo 11, l\u2019articolo 11bis (Interventi strutturali di salvaguardia del Cavallino del Sarcidano) \u201cIn considerazione della sua particolare valenza storica e ambientale, al fine di assicurare - la prosecuzione degli interventi di salvaguardia dalle contaminazioni genetiche esterne, \u00e8 costituito un fondo annuale di euro 60.000,00 l\u2019anno 2024\u201d. Sono intervenuti Piero Maieli (Psd\u2019Az), presidente della Quinta commissione, e Alessandro Solinas, capogruppo del M5S).<\/p>\n\n\n\n<p>Il Consiglio regionale ha poi approvato l\u2019articolo 12 (Turismo equestre e manifestazioni della tradizione popolare) e, a seguire, l\u2019articolo 13 (Equidi e ambiente della Sardegna) con gli emendamenti 11, 12 e 13. L\u2019emendamento n. 11 (Ennas, Piras) sostituisce il comma 1 dell\u2019art 13, l\u2019emendamento n. 12 che modifica il comma 4 dell\u2019articolo 13 introducendo il comma 4 bis \u201cL\u2019assessorato regionale competente per materia istituisce il Registro di accoglienza stallaggio identificando i centri ippici e le strutture ricettive ed enogastronomiche lungo il percorso delle ippovie\u201d. Infine l\u2019emendamento n. 13 che introduce nella lettera a) del comma 5 dell\u2019articolo 13 dopo le parole \u201c17 gennaio 1989 n.3, le parole\u201c e di enti del Terzo settore iscritte nel registro nazionale di cui all\u2019articolo 11 del D.lgs. 3 luglio 2017 n. 117\u201d.<\/p>\n\n\n\n<p>Via libera all\u2019articolo 14 (Co-terapia assistita mediante l'impiego del cavallo e dell'asino) e all\u2019emendamento 19 sostitutivo totale (Mele, Cossa) dell\u2019articolo 15 (Norma finanziaria) e che stabilisce che gli oneri sono pari a euro 8.066.762,20 per l\u2019anno 2024 e a euro 6.766.762,20 a decorrere dall\u2019anno 2025. Via libera, infine, all\u2019articolo 16 (Entrata in vigore).<\/p>\n\n\n\n<p>Prima della votazione finale sono intervenuti per dichiarazioni di voto i consiglieri Annalisa Manca (FdI), Michele Cossa (Rifomatori), Roberto Li Gioi (M5S), Ignazio Manca (Lega), Domenico Gallus (Psd\u2019Az), Angelo Cocciu (Forza Italia), Giovanni Satta e Antonello Peru (Il Grande centro), Michele Ennas (Lega) e Salvatore Corrias (Pd). La proposta di legge 42\/A \u00e8 stata sottoscritta da tutti i consiglieri ed \u00e8 stata approvata all\u2019unanimit\u00e0 dal Consiglio regionale con 48 voti favorevoli.<\/p>\n\n\n\n<p>Il presidente Pais ha chiuso la seduta. Il Consiglio sar\u00e0 convocato a domicilio.<\/p>\n","protected":false},"excerpt":{"rendered":"<p>Cagliari, 8 Nov 2023 &#8211; La seduta del Consiglio regionale della Sardegna questa mattina \u00e8 stata aperta dal presidente Michele Pais che, dopo le formalit\u00e0&#8230;<\/p>\n","protected":false},"author":2,"featured_media":239834,"comment_status":"closed","ping_status":"open","sticky":false,"template":"","format":"standard","meta":[],"categories":[49,52],"tags":[],"_links":{"self":[{"href":"https:\/\/www.cronacaonline.it\/index.php\/wp-json\/wp\/v2\/posts\/242148"}],"collection":[{"href":"https:\/\/www.cronacaonline.it\/index.php\/wp-json\/wp\/v2\/posts"}],"about":[{"href":"https:\/\/www.cronacaonline.it\/index.php\/wp-json\/wp\/v2\/types\/post"}],"author":[{"embeddable":true,"href":"https:\/\/www.cronacaonline.it\/index.php\/wp-json\/wp\/v2\/users\/2"}],"replies":[{"embeddable":true,"href":"https:\/\/www.cronacaonline.it\/index.php\/wp-json\/wp\/v2\/comments?post=242148"}],"version-history":[{"count":1,"href":"https:\/\/www.cronacaonline.it\/index.php\/wp-json\/wp\/v2\/posts\/242148\/revisions"}],"predecessor-version":[{"id":242149,"href":"https:\/\/www.cronacaonline.it\/index.php\/wp-json\/wp\/v2\/posts\/242148\/revisions\/242149"}],"wp:featuredmedia":[{"embeddable":true,"href":"https:\/\/www.cronacaonline.it\/index.php\/wp-json\/wp\/v2\/media\/239834"}],"wp:attachment":[{"href":"https:\/\/www.cronacaonline.it\/index.php\/wp-json\/wp\/v2\/media?parent=242148"}],"wp:term":[{"taxonomy":"category","embeddable":true,"href":"https:\/\/www.cronacaonline.it\/index.php\/wp-json\/wp\/v2\/categories?post=242148"},{"taxonomy":"post_tag","embeddable":true,"href":"https:\/\/www.cronacaonline.it\/index.php\/wp-json\/wp\/v2\/tags?post=242148"}],"curies":[{"name":"wp","href":"https:\/\/api.w.org\/{rel}","templated":true}]}}