{"id":242095,"date":"2023-11-07T17:39:11","date_gmt":"2023-11-07T16:39:11","guid":{"rendered":"https:\/\/www.cronacaonline.it\/?p=242095"},"modified":"2023-11-07T17:39:14","modified_gmt":"2023-11-07T16:39:14","slug":"sulcis-il-presidente-della-sardegna-incontra-i-sindacati-ripartire-dalla-dorsale-per-il-rilancio-del-polo-industriale","status":"publish","type":"post","link":"https:\/\/www.cronacaonline.it\/index.php\/2023\/11\/07\/sulcis-il-presidente-della-sardegna-incontra-i-sindacati-ripartire-dalla-dorsale-per-il-rilancio-del-polo-industriale\/","title":{"rendered":"Sulcis, il presidente della Sardegna incontra i sindacati. \u201cRipartire dalla dorsale per il rilancio del polo industriale\u201d."},"content":{"rendered":"\n<p>Cagliari, 7 Nov 2023\u00a0\u2013 La crisi industriale che investe il Sulcis \u00e8 stata al centro di un incontro svoltosi, oggi, a Villa Devoto, tra il Presidente della Regione Sardegna, i sindacati regionali e confederali territoriali di Cgil, Cisl e Uil e una rappresentanza dei sindaci sulcitani.<\/p>\n\n\n\n<p>\u201cIl Polo industriale di Portovesme \u00e8 strategico per la nostra economia - ha dichiarato il Presidente - la Regione si \u00e8 battuta per portare la questione del polo della metallurgia non ferrosa al tavolo nazionale, per affrontare il rilancio in maniera organica e condivisa, in quanto \u00e8 un tema legato alle politiche industriali del Paese. Ora lo Stato deve decidere se ritiene ancora strategica la produzione di piombo e zinco in quel polo, esercitando eventualmente lo strumento della Golden share, o scegliere di sperimentare nuove leghe\u201d.<\/p>\n\n\n\n<p>All\u2019ordine del giorno la questione energetica, lo sblocco delle vertenze industriali, le bonifiche ambientali e le politiche del lavoro.<\/p>\n\n\n\n<p>\u201cSulla questione energetica - ha affermato ancora - vogliamo ripartire dalla dorsale, un\u2019infrastruttura strategica per lo sviluppo dell\u2019Isola.&nbsp;&nbsp;Nelle nostre interlocuzioni, abbiamo chiesto al Ministero dell\u2019Ambiente e sicurezza energetica che il rigassificatore vada a Porto Torres, dove c\u2019\u00e8 gi\u00e0 un porto industriale, che si pu\u00f2 connettere con gli altri bacini della Sardegna.&nbsp;&nbsp;In questo modo - spiega il Presidente - non solo si accorcerebbero i tempi per l\u2019arrivo del gas nell\u2019isola, ma ci sarebbe lo spazio per promuovere altri progetti nell\u2019area di Portovesme, come la cantieristica navale, che potrebbe essere un volano per la filiera dell\u2019alluminio con ottime ricadute occupazionali\u201d.&nbsp;<\/p>\n\n\n\n<p>Nel corso dell\u2019incontro \u00e8 stato fatto il punto della situazione sulle principali vertenze industriali che impattano maggiormente sull\u2019economia del territorio: Sider Alloys, Eurallumina, Portovesme srl, centrale Enel. Allo stato attuale tutti i lavoratori, compreso quelli dell\u2019indotto, sono stati messi in sicurezza, in attesa che si definiscano i progetti di riqualificazione industriale in corso.&nbsp;<\/p>\n\n\n\n<p>\u201cLe politiche del lavoro restano al centro dell\u2019agenda regionale - ha assicurato l\u2019Assessore regionale del Lavoro, Ada Lai - sottolineando la volont\u00e0 della Regione di continuare a garantire la sicurezza sociale dei lavoratori, non solo con l\u2019utilizzo degli ammortizzatori sociali, ma anche accompagnandoli, durante la delicata fase di riconversione in corso, con percorsi di formazione retribuiti da un\u2019indennit\u00e0 di frequenza. Nel collegato e nella variazione di bilancio - ha annunciato l\u2019esponente dell\u2019esecutivo - abbiamo integrato la quota prevista per la mobilit\u00e0 in deroga per il 2023 e il 2024 - inoltre, saranno raddoppiate le risorse destinate ai cantieri occupazionali comunali, pari a 40 milioni, che potrebbero coinvolgere anche i lavoratori interinali dell\u2019indotto\u201d.&nbsp;&nbsp;<\/p>\n\n\n\n<p>All\u2019ordine del giorno anche il Just Transition fund, ossia le risorse messe in campo dall\u2019Unione Europea per il Sulcis e Taranto per ridisegnare il futuro dei territori con nuovi progetti all'insegna dell'energia verde, rinnovabili e idrogeno, oltre che innovazione digitalizzazione.<\/p>\n\n\n\n<p>\u201cPer il Sulcis - spiega il Presidente sardo - abbiamo a disposizione oltre 360 milioni.&nbsp;Con l\u2019ultima delibera di Giunta, ha preso concretamente avvio il processo di attuazione del Programma JTF Italia 2021-2027- Piano Sulcis, un\u2019opportunit\u00e0 unica di transizione e di riqualificazione a lungo raggio, che apre nuovi scenari per uno sviluppo industriale diverso rispetto al passato e sempre pi\u00f9 rispettoso dell\u2019ambiente\u201d.<\/p>\n\n\n\n<p>Dai sindacati \u00e8 arrivata la proposta di istituire un tavolo di crisi permanente per approfondire le azioni di programmazione e monitoraggio, che potrebbero rilanciare l\u2019industria del Sulcis, dalla filiera dell'alluminio a quella che interessa il piombo e lo zinco, e le energie rinnovabili.&nbsp;<\/p>\n","protected":false},"excerpt":{"rendered":"<p>Cagliari, 7 Nov 2023\u00a0\u2013 La crisi industriale che investe il Sulcis \u00e8 stata al centro di un incontro svoltosi, oggi, a Villa Devoto, tra il&#8230;<\/p>\n","protected":false},"author":2,"featured_media":0,"comment_status":"closed","ping_status":"open","sticky":false,"template":"","format":"standard","meta":[],"categories":[49,52],"tags":[],"_links":{"self":[{"href":"https:\/\/www.cronacaonline.it\/index.php\/wp-json\/wp\/v2\/posts\/242095"}],"collection":[{"href":"https:\/\/www.cronacaonline.it\/index.php\/wp-json\/wp\/v2\/posts"}],"about":[{"href":"https:\/\/www.cronacaonline.it\/index.php\/wp-json\/wp\/v2\/types\/post"}],"author":[{"embeddable":true,"href":"https:\/\/www.cronacaonline.it\/index.php\/wp-json\/wp\/v2\/users\/2"}],"replies":[{"embeddable":true,"href":"https:\/\/www.cronacaonline.it\/index.php\/wp-json\/wp\/v2\/comments?post=242095"}],"version-history":[{"count":1,"href":"https:\/\/www.cronacaonline.it\/index.php\/wp-json\/wp\/v2\/posts\/242095\/revisions"}],"predecessor-version":[{"id":242096,"href":"https:\/\/www.cronacaonline.it\/index.php\/wp-json\/wp\/v2\/posts\/242095\/revisions\/242096"}],"wp:attachment":[{"href":"https:\/\/www.cronacaonline.it\/index.php\/wp-json\/wp\/v2\/media?parent=242095"}],"wp:term":[{"taxonomy":"category","embeddable":true,"href":"https:\/\/www.cronacaonline.it\/index.php\/wp-json\/wp\/v2\/categories?post=242095"},{"taxonomy":"post_tag","embeddable":true,"href":"https:\/\/www.cronacaonline.it\/index.php\/wp-json\/wp\/v2\/tags?post=242095"}],"curies":[{"name":"wp","href":"https:\/\/api.w.org\/{rel}","templated":true}]}}