{"id":242076,"date":"2023-11-07T12:02:21","date_gmt":"2023-11-07T11:02:21","guid":{"rendered":"https:\/\/www.cronacaonline.it\/?p=242076"},"modified":"2023-11-07T12:02:24","modified_gmt":"2023-11-07T11:02:24","slug":"elezioni-regionali-del-2024-in-sardegna-la-spunta-conte-e-la-coalizione-di-centro-sinistra-candida-alessandra-todde-m5s-con-questa-candidata-poche-possibilita-di-vittoria-puo-vincere-se-l","status":"publish","type":"post","link":"https:\/\/www.cronacaonline.it\/index.php\/2023\/11\/07\/elezioni-regionali-del-2024-in-sardegna-la-spunta-conte-e-la-coalizione-di-centro-sinistra-candida-alessandra-todde-m5s-con-questa-candidata-poche-possibilita-di-vittoria-puo-vincere-se-l\/","title":{"rendered":"Elezioni regionali del 2024 in Sardegna: la spunta Conte e la coalizione di centro sinistra candida Alessandra Todde (M5S). Con questa candidata poche possibilit\u00e0 di vittoria. Pu\u00f2 vincere se l\u2019altro candidato sar\u00e0 Solinas."},"content":{"rendered":"\n<p>Cagliari, 7 Nov 2023 \u2013 \u00c8 ormai ufficiale: la coalizione di centro sinistra ha deciso di candidare Alessandra Todde. Scelta tra i salotti romani da Pd e M5S. I capi partito della Sardegna non hanno avuto voce in capitolo ma si sono adeguati per non rompere questa aggregazione di partiti e partitini vari.<\/p>\n\n\n\n<p>Secondo gli umori raccolti in giro, il centro sinistra con questa candidata ha poche possibilit\u00e0 di vincere. Potrebbe avere un risultato positivo se l\u2019attuale maggioranza ricandida il presidente uscente.<\/p>\n\n\n\n<p>Comunque alla conferma di questa candidata manca l\u2019assenso dei progressisti che le prossime 24 o 48 ore dovranno pronunciarsi. Comunque il loro s\u00ec non del tutto scontato. Probabile s\u00ec ma non scontato. Poi vi \u00e8 la variante Soru: l\u2019ex presidente finora, senza primarie, intende candidarsi con l\u2019appoggio di alcuni esponenti politici, di piccole aggregazioni elettorali, usciti questi, dalla grande coalizione di centrosinistra, M5S e centristi. La eventuale candidatura di Soru, con corsa solitaria, danneggerebbe fortemente il Pd e tutta la coazione creata intorno a Todde.<\/p>\n\n\n\n<p>Al momento secondo alcuni sondaggi, che sappiamo che lasciano il tempo che trovano, Fdl e PD sono distaccati di qualche punto a favore del partito personale di Meloni.<\/p>\n","protected":false},"excerpt":{"rendered":"<p>Cagliari, 7 Nov 2023 \u2013 \u00c8 ormai ufficiale: la coalizione di centro sinistra ha deciso di candidare Alessandra Todde. Scelta tra i salotti romani da&#8230;<\/p>\n","protected":false},"author":2,"featured_media":242077,"comment_status":"closed","ping_status":"open","sticky":false,"template":"","format":"standard","meta":[],"categories":[49,52],"tags":[],"_links":{"self":[{"href":"https:\/\/www.cronacaonline.it\/index.php\/wp-json\/wp\/v2\/posts\/242076"}],"collection":[{"href":"https:\/\/www.cronacaonline.it\/index.php\/wp-json\/wp\/v2\/posts"}],"about":[{"href":"https:\/\/www.cronacaonline.it\/index.php\/wp-json\/wp\/v2\/types\/post"}],"author":[{"embeddable":true,"href":"https:\/\/www.cronacaonline.it\/index.php\/wp-json\/wp\/v2\/users\/2"}],"replies":[{"embeddable":true,"href":"https:\/\/www.cronacaonline.it\/index.php\/wp-json\/wp\/v2\/comments?post=242076"}],"version-history":[{"count":1,"href":"https:\/\/www.cronacaonline.it\/index.php\/wp-json\/wp\/v2\/posts\/242076\/revisions"}],"predecessor-version":[{"id":242079,"href":"https:\/\/www.cronacaonline.it\/index.php\/wp-json\/wp\/v2\/posts\/242076\/revisions\/242079"}],"wp:featuredmedia":[{"embeddable":true,"href":"https:\/\/www.cronacaonline.it\/index.php\/wp-json\/wp\/v2\/media\/242077"}],"wp:attachment":[{"href":"https:\/\/www.cronacaonline.it\/index.php\/wp-json\/wp\/v2\/media?parent=242076"}],"wp:term":[{"taxonomy":"category","embeddable":true,"href":"https:\/\/www.cronacaonline.it\/index.php\/wp-json\/wp\/v2\/categories?post=242076"},{"taxonomy":"post_tag","embeddable":true,"href":"https:\/\/www.cronacaonline.it\/index.php\/wp-json\/wp\/v2\/tags?post=242076"}],"curies":[{"name":"wp","href":"https:\/\/api.w.org\/{rel}","templated":true}]}}