{"id":241970,"date":"2023-11-03T14:57:51","date_gmt":"2023-11-03T13:57:51","guid":{"rendered":"https:\/\/www.cronacaonline.it\/?p=241970"},"modified":"2023-11-03T14:57:55","modified_gmt":"2023-11-03T13:57:55","slug":"trasversale-sarda-presentate-ai-sindaci-le-alternative-progettuali-lassessore-saiu-opera-ambiziosa-massima-condivisione-con-il-territorio-stanziati-ulteriori-8-milioni-per-lintera-progettaz","status":"publish","type":"post","link":"https:\/\/www.cronacaonline.it\/index.php\/2023\/11\/03\/trasversale-sarda-presentate-ai-sindaci-le-alternative-progettuali-lassessore-saiu-opera-ambiziosa-massima-condivisione-con-il-territorio-stanziati-ulteriori-8-milioni-per-lintera-progettaz\/","title":{"rendered":"Trasversale sarda, presentate ai sindaci le alternative progettuali. L&#8217;assessore Saiu: &#8220;opera ambiziosa, massima condivisione con il territorio. Stanziati ulteriori 8 milioni per l&#8217;intera progettazione&#8221;."},"content":{"rendered":"\n<p>Samugheo, 3 Nov 2023 -\u00a0L'assessore regionale dei Lavori Pubblici, Pierluigi Saiu, oggi, a Samugheo, ha incontrato i sindaci dell'oristanese, del nuorese e dell'Ogliastra. Al centro la nuova Trasversale Sarda. Sei le alternative progettuali elaborate nello studio illustrato da Ois, Opere e infrastrutture della Sardegna, societ\u00e0 della Regione, e dal gruppo di progettazione per il tracciato stradale che collegher\u00e0 Oristano e Tortol\u00ec. Tre gli itinerari passati alla fase di approfondimento, considerati ottimali anche sulla base dell'impatto sul territorio.<\/p>\n\n\n\n<p>\"Un incontro quello con i sindaci - spiega l'assessore Saiu - fortemente voluto per condividere con il territorio le scelte per la realizzazione di un'opera viaria strategica la cui realizzazione comporter\u00e0 un investimento importante. Nessuna decisione sar\u00e0 calata dall'alto. La definizione dell\u2019alternativa progettuale su cui si andr\u00e0 avanti \u00e8 quindi il risultato di questa condivisione\".&nbsp; &nbsp; &nbsp; &nbsp;<\/p>\n\n\n\n<p>Un progetto ambizioso quello della Trasversale: \"Si sta dando sviluppo a un lavoro unitario, non a singoli interventi separati e frammentati, ma con una progettazione che interessi tutti i centosessanta chilometri dell\u2019itinerario per un'opera che possa essere lo strumento per riconoscere il diritto alla mobilit\u00e0 finora negato in aree importanti della Sardegna. Un investimento cos\u00ec importante non solo garantir\u00e0 una mobilit\u00e0 migliore e pi\u00f9 sicura ma incider\u00e0 anche in termini contrasto al fenomeno dello spopolamento delle zone interne\".<\/p>\n\n\n\n<p>Per avviare il passo successivo: \"La Giunta - spiega l'assessore Saiu - ha approvato nella variazione di bilancio, che approder\u00e0 presto in consiglio, uno stanziamento di 8 milioni di euro, risorse che consentiranno di passare dalle alternative progettuali alla fattibilit\u00e0 tecnica ed economica, che, in virt\u00f9 del nuovo codice degli appalti, includer\u00e0 anche la progettazione definitiva, e quindi la possibilit\u00e0 di intercettare le risorse necessarie per l'opera il cui costo \u00e8 stimato in circa 2 miliardi di euro, in prospettiva il pi\u00f9 grande investimento su un'opera viaria in Sardegna, ma anche di procedere con quegli adempimenti necessari a ridurre i tempi verso l'apertura dei cantieri\".<\/p>\n\n\n\n<p>Durante l'incontro l'assessore ha avuto modo di confrontarsi anche con i comitati del territorio, con i quali ha affrontato il delicato tema delle criticit\u00e0 sulla viabilit\u00e0 provinciale nell'oristanese.<\/p>\n\n\n\n<p>\"Per anni abbiamo assistito a una progressiva delegittimazione e impoverimento delle Province senza che le loro funzioni fossero assunte da altri, da qui l'abbandono della viabilit\u00e0 provinciale. In Finanziaria la Regione ha stanziato risorse, che necessitano di essere integrate anche in considerazione della grande estensione della rete viaria provinciale su tutta la Sardegna. Con i comitati ho preso un impegno, occorre una ricognizione sulle urgenze e individuazione delle risorse per gli interventi necessari\". Red<\/p>\n","protected":false},"excerpt":{"rendered":"<p>Samugheo, 3 Nov 2023 &#8211;\u00a0L&#8217;assessore regionale dei Lavori Pubblici, Pierluigi Saiu, oggi, a Samugheo, ha incontrato i sindaci dell&#8217;oristanese, del nuorese e dell&#8217;Ogliastra. Al centro&#8230;<\/p>\n","protected":false},"author":2,"featured_media":233219,"comment_status":"closed","ping_status":"open","sticky":false,"template":"","format":"standard","meta":[],"categories":[49,52],"tags":[],"_links":{"self":[{"href":"https:\/\/www.cronacaonline.it\/index.php\/wp-json\/wp\/v2\/posts\/241970"}],"collection":[{"href":"https:\/\/www.cronacaonline.it\/index.php\/wp-json\/wp\/v2\/posts"}],"about":[{"href":"https:\/\/www.cronacaonline.it\/index.php\/wp-json\/wp\/v2\/types\/post"}],"author":[{"embeddable":true,"href":"https:\/\/www.cronacaonline.it\/index.php\/wp-json\/wp\/v2\/users\/2"}],"replies":[{"embeddable":true,"href":"https:\/\/www.cronacaonline.it\/index.php\/wp-json\/wp\/v2\/comments?post=241970"}],"version-history":[{"count":1,"href":"https:\/\/www.cronacaonline.it\/index.php\/wp-json\/wp\/v2\/posts\/241970\/revisions"}],"predecessor-version":[{"id":241971,"href":"https:\/\/www.cronacaonline.it\/index.php\/wp-json\/wp\/v2\/posts\/241970\/revisions\/241971"}],"wp:featuredmedia":[{"embeddable":true,"href":"https:\/\/www.cronacaonline.it\/index.php\/wp-json\/wp\/v2\/media\/233219"}],"wp:attachment":[{"href":"https:\/\/www.cronacaonline.it\/index.php\/wp-json\/wp\/v2\/media?parent=241970"}],"wp:term":[{"taxonomy":"category","embeddable":true,"href":"https:\/\/www.cronacaonline.it\/index.php\/wp-json\/wp\/v2\/categories?post=241970"},{"taxonomy":"post_tag","embeddable":true,"href":"https:\/\/www.cronacaonline.it\/index.php\/wp-json\/wp\/v2\/tags?post=241970"}],"curies":[{"name":"wp","href":"https:\/\/api.w.org\/{rel}","templated":true}]}}