{"id":241920,"date":"2023-11-02T11:30:27","date_gmt":"2023-11-02T10:30:27","guid":{"rendered":"https:\/\/www.cronacaonline.it\/?p=241920"},"modified":"2023-11-02T11:30:30","modified_gmt":"2023-11-02T10:30:30","slug":"unione-dei-comuni-in-arrivo-24-milioni-per-il-2023-lassessore-salaris-massima-attenzione-ai-territori-e-alle-comunita","status":"publish","type":"post","link":"https:\/\/www.cronacaonline.it\/index.php\/2023\/11\/02\/unione-dei-comuni-in-arrivo-24-milioni-per-il-2023-lassessore-salaris-massima-attenzione-ai-territori-e-alle-comunita\/","title":{"rendered":"Unione dei comuni, in arrivo 24 milioni per il 2023. L\u2019assessore Salaris: \u201cmassima attenzione ai territori e alle comunit\u00e0\u201d."},"content":{"rendered":"\n<p>Cagliari, 2 Nov 2023 \u2013\u00a0Unioni dei Comuni, Comunit\u00e0 montane, Rete metropolitana del Nord Sardegna\u00a0(tutti soggetti che svolgono le gestioni associate di funzioni comunali) possono accedere ai fondi stanziati per l\u2019annualit\u00e0 2023, pari a quasi 24 milioni di euro, di cui 10.925.490 quali assegnazioni statali e 12.990.880 come\u00a0fondi regionali. La Giunta regionale su proposta dell\u2019Assessore degli Enti locali, Aldo Salaris, ha infatti confermato i criteri per l\u2019erogazione delle risorse di cui \u00e8 stato gi\u00e0 pubblicato l\u2019avviso.\u00a0\u00a0<\/p>\n\n\n\n<p>\u201c\u00c8 evidente la vicinanza della Regione ai Comuni nei temi che pi\u00f9 li contraddistinguono e che maggiormente impattano sul buon funzionamento amministrativo e sui servizi ai cittadini. Siamo consapevoli delle difficolt\u00e0 che gli Enti locali attraversano in questo momento e confermiamo la volont\u00e0 di essere sostegno e alleato dei Comuni, dal pi\u00f9 grande al pi\u00f9 piccolo, con la stessa attenzione e vicinanza\u201d. Cos\u00ec l\u2019Assessore Salaris che ha anche annunciato la pubblicazione dell\u2019avviso riguardante il \u201cPremio Luigi Crespellani\u201d (100 mila euro per il 2023) per l\u2019individuazione e il riconoscimento pubblico degli Enti Locali sardi che si sono distinti per innovazione organizzativa nella gestione delle funzioni associate, in particolare nella tutela e valorizzazione del paesaggio; negli obiettivi dello sviluppo sostenibile dell\u2019Agenda 2030; nella solidariet\u00e0 e valorizzazione del patrimonio sociale e culturale. \u201cL\u2019obiettivo \u2013 spiega sempre l\u2019Assessore degli Enti locali, Aldo Salaris - \u00e8 quello di avviare o rafforzare le comunit\u00e0 territoriali che sviluppano una maggiore coesione sociale e culturale, tra le comunit\u00e0 aderenti. L'intitolazione del Premio all'insigne figura di Luigi Crespellani \u2013 prosegue l\u2019Assessore - deriva dal suo alto profilo etico, culturale e umano e dall'importante ruolo politico svolto nel secondo dopoguerra, connotato dall'impegno nella ricostruzione delle istituzioni politiche e amministrative della Sardegna\u201d.<\/p>\n\n\n\n<p>Per quanto riguarda i finanziamenti per le gestioni associate di funzioni e servizi cos\u00ec come per il Premio Crespellani, le domande di partecipazione dovranno essere presentate sempre online collegandosi al portale Sardegna Autonomie.&nbsp;Com<\/p>\n","protected":false},"excerpt":{"rendered":"<p>Cagliari, 2 Nov 2023 \u2013\u00a0Unioni dei Comuni, Comunit\u00e0 montane, Rete metropolitana del Nord Sardegna\u00a0(tutti soggetti che svolgono le gestioni associate di funzioni comunali) possono accedere&#8230;<\/p>\n","protected":false},"author":2,"featured_media":228432,"comment_status":"closed","ping_status":"open","sticky":false,"template":"","format":"standard","meta":[],"categories":[49,52],"tags":[],"_links":{"self":[{"href":"https:\/\/www.cronacaonline.it\/index.php\/wp-json\/wp\/v2\/posts\/241920"}],"collection":[{"href":"https:\/\/www.cronacaonline.it\/index.php\/wp-json\/wp\/v2\/posts"}],"about":[{"href":"https:\/\/www.cronacaonline.it\/index.php\/wp-json\/wp\/v2\/types\/post"}],"author":[{"embeddable":true,"href":"https:\/\/www.cronacaonline.it\/index.php\/wp-json\/wp\/v2\/users\/2"}],"replies":[{"embeddable":true,"href":"https:\/\/www.cronacaonline.it\/index.php\/wp-json\/wp\/v2\/comments?post=241920"}],"version-history":[{"count":1,"href":"https:\/\/www.cronacaonline.it\/index.php\/wp-json\/wp\/v2\/posts\/241920\/revisions"}],"predecessor-version":[{"id":241921,"href":"https:\/\/www.cronacaonline.it\/index.php\/wp-json\/wp\/v2\/posts\/241920\/revisions\/241921"}],"wp:featuredmedia":[{"embeddable":true,"href":"https:\/\/www.cronacaonline.it\/index.php\/wp-json\/wp\/v2\/media\/228432"}],"wp:attachment":[{"href":"https:\/\/www.cronacaonline.it\/index.php\/wp-json\/wp\/v2\/media?parent=241920"}],"wp:term":[{"taxonomy":"category","embeddable":true,"href":"https:\/\/www.cronacaonline.it\/index.php\/wp-json\/wp\/v2\/categories?post=241920"},{"taxonomy":"post_tag","embeddable":true,"href":"https:\/\/www.cronacaonline.it\/index.php\/wp-json\/wp\/v2\/tags?post=241920"}],"curies":[{"name":"wp","href":"https:\/\/api.w.org\/{rel}","templated":true}]}}