{"id":241882,"date":"2023-10-31T14:44:20","date_gmt":"2023-10-31T13:44:20","guid":{"rendered":"https:\/\/www.cronacaonline.it\/?p=241882"},"modified":"2023-10-31T14:44:23","modified_gmt":"2023-10-31T13:44:23","slug":"fondo-unico-comuni-dalla-regione-sardegna-in-arrivo-un-incremento-di-100-milioni","status":"publish","type":"post","link":"https:\/\/www.cronacaonline.it\/index.php\/2023\/10\/31\/fondo-unico-comuni-dalla-regione-sardegna-in-arrivo-un-incremento-di-100-milioni\/","title":{"rendered":"Fondo unico comuni: dalla Regione Sardegna in arrivo un incremento di 100 milioni."},"content":{"rendered":"\n<p>Cagliari, 31 Ott 2023\u00a0- Buone notizie dalla Regione per i Comuni sardi: nei prossimi giorni l\u2019Esecutivo regionale licenzier\u00e0 un provvedimento che offrir\u00e0 una boccata d\u2019ossigeno straordinaria a favore agli enti locali.<\/p>\n\n\n\n<p>Si tratta \u2013 spiega il presidente della Sardegna \u2013 di un intervento che abbiamo voluto mettere in campo per consentire la piena operativit\u00e0 ai nostri enti locali, che attraversano un momento di difficolt\u00e0 per la carenza di liquidit\u00e0. Per la prima volta abbiamo incrementato il fondo di 100 milioni come segno di vicinanza della Regione nei confronti dei Comuni, prima ed insostituibile roccaforte della democrazia nei nostri territori.<\/p>\n\n\n\n<p>In questa loro fase di difficolt\u00e0 \u00e8 stato imperativo per la Regione mostrar loro un atto concreto, che attestasse che la Regione \u00e8 sempre accanto a loro ed \u00e8 sempre pronta a sostenere le loro legittime rivendicazioni volte a garantire livelli di servizi adeguati ai cittadini. Com<\/p>\n","protected":false},"excerpt":{"rendered":"<p>Cagliari, 31 Ott 2023\u00a0&#8211; Buone notizie dalla Regione per i Comuni sardi: nei prossimi giorni l\u2019Esecutivo regionale licenzier\u00e0 un provvedimento che offrir\u00e0 una boccata d\u2019ossigeno&#8230;<\/p>\n","protected":false},"author":2,"featured_media":187129,"comment_status":"closed","ping_status":"open","sticky":false,"template":"","format":"standard","meta":[],"categories":[49,52],"tags":[],"_links":{"self":[{"href":"https:\/\/www.cronacaonline.it\/index.php\/wp-json\/wp\/v2\/posts\/241882"}],"collection":[{"href":"https:\/\/www.cronacaonline.it\/index.php\/wp-json\/wp\/v2\/posts"}],"about":[{"href":"https:\/\/www.cronacaonline.it\/index.php\/wp-json\/wp\/v2\/types\/post"}],"author":[{"embeddable":true,"href":"https:\/\/www.cronacaonline.it\/index.php\/wp-json\/wp\/v2\/users\/2"}],"replies":[{"embeddable":true,"href":"https:\/\/www.cronacaonline.it\/index.php\/wp-json\/wp\/v2\/comments?post=241882"}],"version-history":[{"count":1,"href":"https:\/\/www.cronacaonline.it\/index.php\/wp-json\/wp\/v2\/posts\/241882\/revisions"}],"predecessor-version":[{"id":241883,"href":"https:\/\/www.cronacaonline.it\/index.php\/wp-json\/wp\/v2\/posts\/241882\/revisions\/241883"}],"wp:featuredmedia":[{"embeddable":true,"href":"https:\/\/www.cronacaonline.it\/index.php\/wp-json\/wp\/v2\/media\/187129"}],"wp:attachment":[{"href":"https:\/\/www.cronacaonline.it\/index.php\/wp-json\/wp\/v2\/media?parent=241882"}],"wp:term":[{"taxonomy":"category","embeddable":true,"href":"https:\/\/www.cronacaonline.it\/index.php\/wp-json\/wp\/v2\/categories?post=241882"},{"taxonomy":"post_tag","embeddable":true,"href":"https:\/\/www.cronacaonline.it\/index.php\/wp-json\/wp\/v2\/tags?post=241882"}],"curies":[{"name":"wp","href":"https:\/\/api.w.org\/{rel}","templated":true}]}}