{"id":241880,"date":"2023-10-31T14:41:39","date_gmt":"2023-10-31T13:41:39","guid":{"rendered":"https:\/\/www.cronacaonline.it\/?p=241880"},"modified":"2023-10-31T14:41:41","modified_gmt":"2023-10-31T13:41:41","slug":"universita-assessore-biancareddu-tutti-gli-studenti-idonei-avranno-la-borsa-di-studio-nessuno-escluso","status":"publish","type":"post","link":"https:\/\/www.cronacaonline.it\/index.php\/2023\/10\/31\/universita-assessore-biancareddu-tutti-gli-studenti-idonei-avranno-la-borsa-di-studio-nessuno-escluso\/","title":{"rendered":"Universit\u00e0: Assessore Biancareddu, tutti gli studenti idonei avranno la borsa di studio, nessuno escluso."},"content":{"rendered":"\n<p>Cagliari, 31 Ott 2023 -\u00a0Da quando sono Assessore, nessuno studente idoneo \u00e8 rimasto privo di borsa di studio e cos\u00ec sar\u00e0 anche quest\u2019anno. \u00a0\u00a0Lo ha sottolineato l\u2019Assessore della Pubblica Istruzione, Andrea Biancareddu, rispondendo alle accuse mosse in questi giorni dalle opposizioni.<\/p>\n\n\n\n<p>L\u2019Assessorato della pubblica istruzione \u00e8 perfettamente a conoscenza delle problematiche che la riduzione della quota spettante alla Sardegna del fondo integrativo statale (FIS) nel 2023 potr\u00e0 generare. &nbsp;\u201cStiamo mettendo in campo tutte le azioni necessarie per garantire la borsa di studio a tutti gli studenti idonei ha detto ancora Biancareddu. La settimana scorsa nel prendere visione della bozza di Decreto Ministeriale, che ripartisce i fondi tra le varie Regioni d\u2019Italia, si \u00e8 scoperto che la Sardegna, rispetto al 2022 vedr\u00e0 ridotta, di circa 2,2 milioni di euro, la quota Statale del FIS, che passer\u00e0 da 15 milioni e 512 mila euro dello scorso anno &nbsp;&nbsp;a 13 milioni e 271 mila euro.&nbsp;&nbsp;Questa riduzione comporter\u00e0 la conseguente diminuzione anche della quota spettante alla Sardegna dai fondi del PNRR, che stimiamo possa essere pari a 1,9 milioni di euro.<\/p>\n\n\n\n<p>Complessivamente occorre quindi reperire 4,1 milioni di euro a valere sul Bilancio Regionale.&nbsp;Ricordo che in sede di Collegato alla Finanziaria, su mia proposta, sono stati finanziati ulteriori 1 milioni e 300 mila euro per dare copertura all\u2019incremento dei costi scaturito a seguito dell\u2019aumento dell\u2019importo delle borse e all\u2019incremento&nbsp;della soglia Isee, che \u00e8 passata da 24.355 a 26.306 euro.<\/p>\n\n\n\n<p>Per l\u2019importo mancante di oltre 4 milioni di euro, ho gi\u00e0 presentato da tempo la proposta finanziaria che, se il Consiglio Regionale approver\u00e0, potr\u00e0 trovare spazio &nbsp; nella variazione di Bilancio che nelle prossime settimane verr\u00e0 discussa in Aula. Qualora l\u2019iter di approvazione in Aula dovesse rallentare, puntualizza ancora l\u2019Assessore Biancareddu,&nbsp;potr\u00f2 autorizzare gli Ersu di Cagliari e Sassari ad utilizzare, per questo fine, l\u2019avanzo di Amministrazione\u201d. Com<\/p>\n","protected":false},"excerpt":{"rendered":"<p>Cagliari, 31 Ott 2023 &#8211;\u00a0Da quando sono Assessore, nessuno studente idoneo \u00e8 rimasto privo di borsa di studio e cos\u00ec sar\u00e0 anche quest\u2019anno. \u00a0\u00a0Lo ha&#8230;<\/p>\n","protected":false},"author":2,"featured_media":230442,"comment_status":"closed","ping_status":"open","sticky":false,"template":"","format":"standard","meta":[],"categories":[49,52],"tags":[],"_links":{"self":[{"href":"https:\/\/www.cronacaonline.it\/index.php\/wp-json\/wp\/v2\/posts\/241880"}],"collection":[{"href":"https:\/\/www.cronacaonline.it\/index.php\/wp-json\/wp\/v2\/posts"}],"about":[{"href":"https:\/\/www.cronacaonline.it\/index.php\/wp-json\/wp\/v2\/types\/post"}],"author":[{"embeddable":true,"href":"https:\/\/www.cronacaonline.it\/index.php\/wp-json\/wp\/v2\/users\/2"}],"replies":[{"embeddable":true,"href":"https:\/\/www.cronacaonline.it\/index.php\/wp-json\/wp\/v2\/comments?post=241880"}],"version-history":[{"count":1,"href":"https:\/\/www.cronacaonline.it\/index.php\/wp-json\/wp\/v2\/posts\/241880\/revisions"}],"predecessor-version":[{"id":241881,"href":"https:\/\/www.cronacaonline.it\/index.php\/wp-json\/wp\/v2\/posts\/241880\/revisions\/241881"}],"wp:featuredmedia":[{"embeddable":true,"href":"https:\/\/www.cronacaonline.it\/index.php\/wp-json\/wp\/v2\/media\/230442"}],"wp:attachment":[{"href":"https:\/\/www.cronacaonline.it\/index.php\/wp-json\/wp\/v2\/media?parent=241880"}],"wp:term":[{"taxonomy":"category","embeddable":true,"href":"https:\/\/www.cronacaonline.it\/index.php\/wp-json\/wp\/v2\/categories?post=241880"},{"taxonomy":"post_tag","embeddable":true,"href":"https:\/\/www.cronacaonline.it\/index.php\/wp-json\/wp\/v2\/tags?post=241880"}],"curies":[{"name":"wp","href":"https:\/\/api.w.org\/{rel}","templated":true}]}}