{"id":241845,"date":"2023-10-30T12:24:45","date_gmt":"2023-10-30T11:24:45","guid":{"rendered":"https:\/\/www.cronacaonline.it\/?p=241845"},"modified":"2023-10-30T12:24:49","modified_gmt":"2023-10-30T11:24:49","slug":"borse-di-studio-lappello-del-consigliere-regionale-roberto-deriu-pd-la-regione-dichiari-subito-beneficiari-tutti-gli-idonei","status":"publish","type":"post","link":"https:\/\/www.cronacaonline.it\/index.php\/2023\/10\/30\/borse-di-studio-lappello-del-consigliere-regionale-roberto-deriu-pd-la-regione-dichiari-subito-beneficiari-tutti-gli-idonei\/","title":{"rendered":"Borse di studio, l\u2019appello del Consigliere regionale Roberto Deriu (Pd): \u201cla Regione dichiari subito beneficiari tutti gli idonei."},"content":{"rendered":"\n<p>Cagliari, 30 Ott 2023 - \u201cLa Regione rassicuri e dichiari subito beneficiari tutti gli studenti risultati idonei nelle borse di studio, cos\u00ec da dare certezze a migliaia di universitari che, senza il contributo, vedrebbero compromesso il loro percorso accademico\u201d. Lo afferma in una nota Roberto Deriu, consigliere regionale del Partito Democratico, primo firmatario di una interpellanza presentata sul tema nelle scorse ore e sottoscritta da tutto il gruppo dem.<\/p>\n\n\n\n<p>Sono infatti 7.169 gli universitari risultati idonei nelle graduatorie definitive dell\u2019Ersu di Cagliari pubblicate il 27 ottobre 2023, di questi 2.708 sono beneficiari e ben 4.461 non ancora beneficiari. \u201cDa quattro anni l\u2019Ersu e la Regione Sardegna pubblicano le graduatorie definitive per la concessione delle borse di studio con tantissimi studenti idonei non beneficiari, per poi dichiarare la copertura di tutte le borse solo nei mesi successivi, con la prima rata che verr\u00e0 erogata il 31 dicembre \u2013 spiega Deriu \u2013. Si tratta di una triste consuetudine da invertire, perch\u00e9 molti di questi universitari, senza la certezza del contributo, sono costretti a terminare il loro percorso di studi a causa delle difficolt\u00e0 economiche o altre problematiche attinenti\u201d.<\/p>\n\n\n\n<p>\u201c\u00c8 doveroso \u2013 prosegue l\u2019esponente dem \u2013 che il l Presidente della Regione e l\u2019Assessore della Pubblica istruzione diano subito certezze a quei 4.461 universitari non ancora beneficiari, visto che ne hanno diritto. Sostenere con puntualit\u00e0 i nostri giovani nel loro percorso di studi, a maggior ragione in questa fase di difficolt\u00e0 economica per tante famiglie, deve essere una priorit\u00e0 per le istituzioni\u201d, conclude Roberto Deriu. Com<\/p>\n","protected":false},"excerpt":{"rendered":"<p>Cagliari, 30 Ott 2023 &#8211; \u201cLa Regione rassicuri e dichiari subito beneficiari tutti gli studenti risultati idonei nelle borse di studio, cos\u00ec da dare certezze&#8230;<\/p>\n","protected":false},"author":2,"featured_media":227336,"comment_status":"closed","ping_status":"open","sticky":false,"template":"","format":"standard","meta":[],"categories":[49,52],"tags":[],"_links":{"self":[{"href":"https:\/\/www.cronacaonline.it\/index.php\/wp-json\/wp\/v2\/posts\/241845"}],"collection":[{"href":"https:\/\/www.cronacaonline.it\/index.php\/wp-json\/wp\/v2\/posts"}],"about":[{"href":"https:\/\/www.cronacaonline.it\/index.php\/wp-json\/wp\/v2\/types\/post"}],"author":[{"embeddable":true,"href":"https:\/\/www.cronacaonline.it\/index.php\/wp-json\/wp\/v2\/users\/2"}],"replies":[{"embeddable":true,"href":"https:\/\/www.cronacaonline.it\/index.php\/wp-json\/wp\/v2\/comments?post=241845"}],"version-history":[{"count":1,"href":"https:\/\/www.cronacaonline.it\/index.php\/wp-json\/wp\/v2\/posts\/241845\/revisions"}],"predecessor-version":[{"id":241846,"href":"https:\/\/www.cronacaonline.it\/index.php\/wp-json\/wp\/v2\/posts\/241845\/revisions\/241846"}],"wp:featuredmedia":[{"embeddable":true,"href":"https:\/\/www.cronacaonline.it\/index.php\/wp-json\/wp\/v2\/media\/227336"}],"wp:attachment":[{"href":"https:\/\/www.cronacaonline.it\/index.php\/wp-json\/wp\/v2\/media?parent=241845"}],"wp:term":[{"taxonomy":"category","embeddable":true,"href":"https:\/\/www.cronacaonline.it\/index.php\/wp-json\/wp\/v2\/categories?post=241845"},{"taxonomy":"post_tag","embeddable":true,"href":"https:\/\/www.cronacaonline.it\/index.php\/wp-json\/wp\/v2\/tags?post=241845"}],"curies":[{"name":"wp","href":"https:\/\/api.w.org\/{rel}","templated":true}]}}