{"id":241823,"date":"2023-10-30T09:46:10","date_gmt":"2023-10-30T08:46:10","guid":{"rendered":"https:\/\/www.cronacaonline.it\/?p=241823"},"modified":"2023-10-30T09:46:13","modified_gmt":"2023-10-30T08:46:13","slug":"un-passo-importante-verso-linclusione-e-la-parita-carla-cuccu-lavoriamo-per-la-tutela-dei-diritti-delle-persone-con-disabilita","status":"publish","type":"post","link":"https:\/\/www.cronacaonline.it\/index.php\/2023\/10\/30\/un-passo-importante-verso-linclusione-e-la-parita-carla-cuccu-lavoriamo-per-la-tutela-dei-diritti-delle-persone-con-disabilita\/","title":{"rendered":"Un passo importante verso l&#8217;inclusione e la parit\u00e0; Carla Cuccu \u2018 lavoriamo per la tutela dei diritti delle persone con disabilit\u00e0\u2019."},"content":{"rendered":"\n<p>Cagliari, 30 Ott 2023 \u2013 \u201cHo presentato, in questi giorni, tre interpellanze indirizzate al Presidente della Regione Sardegna e all'Assessore alla Sanit\u00e0, Carlo Doria. Le interpellanze mirano a sollevare l'attenzione sulla situazione delle persone con disabilit\u00e0 in Sardegna e a porre fine a una lacuna normativa che sta da troppo tempo ostacolando il progresso e il benessere di questa comunit\u00e0\u201d.<\/p>\n\n\n\n<p>\u201cIl primo problema \u00e8 la mancanza di una legge organica per la disabilit\u00e0 in Sardegna, che disciplini la programmazione delle risorse e dei fondi necessari per realizzare progetti che promuovano la vita autonoma delle persone con disabilit\u00e0. Questo vuoto normativo ha creato una situazione in cui le necessit\u00e0 delle persone con disabilit\u00e0 non sono pienamente soddisfatte\u201d. Evidenzia in una nota Carla Cuccu, consigliera regionale segretaria della Commissione Sanit\u00e0.<br>In particolare, \u00e8 fondamentale istituire il fascicolo personale predisposto dalle Unit\u00e0 di valutazione territoriali (UVt) per seguire e monitorare i progetti e gli interventi, cos\u00ec come previsto dalla legge nazionale n. 162\/98. Inoltre l'applicazione dell'articolo 14 della Legge nazionale n. 328 del 2000 garantirebbe alle persone e alle famiglie un sistema integrato di interventi e servizi sociali, eliminando o riducendo le condizioni di disabilit\u00e0, di bisogno e disagio individuale e familiare.<\/p>\n\n\n\n<p>\u201cHo altres\u00ec sollevato il problema relativo alla mancata attuazione della legge regionale n. 7 del 30 maggio 2008, che prevede l'istituzione della Consulta regionale della disabilit\u00e0 e l'organizzazione di una Conferenza triennale regionale per elaborare e aggiornare la programmazione degli interventi e delle prestazioni a favore dei cittadini disabili.<br>L'attuazione di questa legge rappresenterebbe un passo fondamentale per valorizzare ed ottimizzare le risorse provenienti dai diversi piani regionali, migliorando cos\u00ec il livello delle prestazioni erogate sul territorio\u201d.<\/p>\n\n\n\n<p>\u201cInfine, ho depositato un'interpellanza relativa all'istituzione del Garante dei Disabili in Sardegna. Questo organismo riveste un ruolo cruciale nell'assicurare l'accesso equo ai servizi, nell'eliminazione delle barriere architettoniche e nella promozione di iniziative che favoriscano l'inclusione sociale e lavorativa delle persone con disabilit\u00e0\u201d.<\/p>\n\n\n\n<p>\u201cL'obiettivo \u00e8 creare una societ\u00e0 pi\u00f9 inclusiva e giusta, garantendo a tutte le persone con disabilit\u00e0 l'accesso a servizi di qualit\u00e0 e le stesse opportunit\u00e0 degli altri cittadini. Cercher\u00f2 di portare avanti questa battaglia lavorando in sinergia con le associazioni che credono in una societ\u00e0 inclusiva e idonea alla vita per le persone con disabilit\u00e0. Mi immagino un futuro dove la Sardegna sia pi\u00f9 inclusiva e solidale, dove le esigenze e i diritti delle persone con disabilit\u00e0 sono al centro dell'agenda politica regionale\u201d. Com<\/p>\n","protected":false},"excerpt":{"rendered":"<p>Cagliari, 30 Ott 2023 \u2013 \u201cHo presentato, in questi giorni, tre interpellanze indirizzate al Presidente della Regione Sardegna e all&#8217;Assessore alla Sanit\u00e0, Carlo Doria. Le&#8230;<\/p>\n","protected":false},"author":2,"featured_media":181430,"comment_status":"closed","ping_status":"open","sticky":false,"template":"","format":"standard","meta":[],"categories":[49,52],"tags":[],"_links":{"self":[{"href":"https:\/\/www.cronacaonline.it\/index.php\/wp-json\/wp\/v2\/posts\/241823"}],"collection":[{"href":"https:\/\/www.cronacaonline.it\/index.php\/wp-json\/wp\/v2\/posts"}],"about":[{"href":"https:\/\/www.cronacaonline.it\/index.php\/wp-json\/wp\/v2\/types\/post"}],"author":[{"embeddable":true,"href":"https:\/\/www.cronacaonline.it\/index.php\/wp-json\/wp\/v2\/users\/2"}],"replies":[{"embeddable":true,"href":"https:\/\/www.cronacaonline.it\/index.php\/wp-json\/wp\/v2\/comments?post=241823"}],"version-history":[{"count":1,"href":"https:\/\/www.cronacaonline.it\/index.php\/wp-json\/wp\/v2\/posts\/241823\/revisions"}],"predecessor-version":[{"id":241824,"href":"https:\/\/www.cronacaonline.it\/index.php\/wp-json\/wp\/v2\/posts\/241823\/revisions\/241824"}],"wp:featuredmedia":[{"embeddable":true,"href":"https:\/\/www.cronacaonline.it\/index.php\/wp-json\/wp\/v2\/media\/181430"}],"wp:attachment":[{"href":"https:\/\/www.cronacaonline.it\/index.php\/wp-json\/wp\/v2\/media?parent=241823"}],"wp:term":[{"taxonomy":"category","embeddable":true,"href":"https:\/\/www.cronacaonline.it\/index.php\/wp-json\/wp\/v2\/categories?post=241823"},{"taxonomy":"post_tag","embeddable":true,"href":"https:\/\/www.cronacaonline.it\/index.php\/wp-json\/wp\/v2\/tags?post=241823"}],"curies":[{"name":"wp","href":"https:\/\/api.w.org\/{rel}","templated":true}]}}