{"id":241802,"date":"2023-10-28T15:08:50","date_gmt":"2023-10-28T13:08:50","guid":{"rendered":"https:\/\/www.cronacaonline.it\/?p=241802"},"modified":"2023-10-28T15:08:53","modified_gmt":"2023-10-28T13:08:53","slug":"progetto-comuniteen-nuovi-scenari-per-il-futuro-dei-giovani","status":"publish","type":"post","link":"https:\/\/www.cronacaonline.it\/index.php\/2023\/10\/28\/progetto-comuniteen-nuovi-scenari-per-il-futuro-dei-giovani\/","title":{"rendered":"Progetto ComuniTeen: nuovi scenari per il futuro dei giovani."},"content":{"rendered":"\n<p>Cagliari, 28 Ott 2023 - Il Progetto ComuniTeen del Comune di Cagliari, dedicato alla fascia d\u2019et\u00e0 14-19 anni, si \u00e8 articolato in molti diversi modi negli scorsi mesi, e ha trovato una declinazione del tutto particolare grazie all\u2019incontro con le realt\u00e0 culturali del territorio. Il 27 ottobre, negli spazi del Centro di Quartiere<a rel=\"noreferrer noopener\" href=\"http:\/\/mu.be\/\" target=\"_blank\">\u00a0Mu.Be<\/a>, si \u00e8 svolto l\u2019incontro finale di restituzione dei risultati ed \u00e8 stata occasione per approfondire e discutere delle\u00a0prospettive future di questo progetto, focalizzato sul contrasto delle povert\u00e0 educative e sull\u2019offerta di nuove opportunit\u00e0 culturali per le giovani e\u00a0i giovani.<\/p>\n\n\n\n<p>ComuniTeen \u00e8 un progetto delle cooperative Panta Rei Sardegna e La Carovana, promosso e finanziato dal Comune di Cagliari nell\u2019ambito del Programma Operativo Nazionale (PON) \u201cCitt\u00e0 Metropolitane 2014 \u2013 2020\u201d e&nbsp;nell\u2019ultimo anno si \u00e8 articolato in attivit\u00e0 laboratoriali pi\u00f9 \u201cclassiche\u201d, momenti di riflessione con studentesse e studenti nelle scuole&nbsp;e attivit\u00e0 orientate a rendere le ragazze e i ragazzi co-protagonisti e non semplici \u201cbeneficiari\u201d. Musica, arte, riflessioni sui luoghi e le possibilit\u00e0 di trasformarli: negli scorsi mesi \u00e8 emersa una forte richiesta di ascolto e partecipazione pi\u00f9 attiva alla vita della citt\u00e0&nbsp;e una altrettanto forte disponibilit\u00e0 dei giovani a sperimentare e sperimentarsi.<br>E le stesse richieste e riflessioni sono emerse durante la serata, che \u00e8 stata aperta con i saluti dell'Assessora&nbsp;alle Politiche Sociali, benessere e famiglia, Viviana Lantini, che ha sottolineato \"la grande attenzione dell'amministrazione verso i bisogni dei nostri ragazzi, che abbiamo ascoltato e trasformato in attivit\u00e0. Le loro testimonianze, cariche di riconoscenza ed entusiasmo, ci spingono a credere che siamo andati nella direzione giusta, e questo ci rende felici\". \u00c8 stata poi la volta di Daniela Pompei del Servizio Politiche Sociali del Comune di Cagliari,&nbsp;che ha focalizzato il suo intervento sulla progettazione e i suoi risultati,&nbsp;in cui sono emersi i&nbsp;\"sogni e bisogni\" delle ragazze e dei ragazzi.<\/p>\n\n\n\n<p>\u00c8 stata un'azione capillare sul territorio, portata avanti negli scorsi mesi, da cui si \u00e8 partiti per strutturare, con Panta Rei Sardegna, una molteplicit\u00e0 di attivit\u00e0 come i laboratori di quartiere, i laboratori urbani, l\u2019alta intensit\u00e0 educativa, le Local Pay: il videoracconto delle azioni del Panta Rei Sardegna \u00e8 stato commentato dagli operatori, insieme&nbsp;ai ragazzi del progetto.<\/p>\n\n\n\n<p>E proprio dall'ascolto delle loro voci \u00e8 emerso un notevole risultato in termini di partecipazione e grande entusiasmo, con la speranza di un fattivo proseguimento, perch\u00e9, come hanno raccontato Davide e Max, dopo il laboratorio di scrittura musicale a cui hanno aderito per ottemperare agli obblighi dell'alternanza scuola lavoro, \"si \u00e8 creato un bellissimo gruppo e una esperienza che ha superato tutte le aspettative\".<\/p>\n\n\n\n<p>Cos\u00ec anche le ragazze e i ragazzi che hanno partecipato alla Ricerca Azione nei mesi scorsi: \"La nostra \u00e8 una citt\u00e0 viva, dove ci sono molte pi\u00f9 persone di quante noi pensiamo e molte pi\u00f9 attivit\u00e0 di quante non sappiamo\", ecco perch\u00e8 il bisogno di esprimersi e di essere ascoltati \u00e8 cos\u00ec vivo e urgente.<br>Durante la serata sono state lette anche le lettere di due famiglie i cui figli hanno partecipato a diverso titolo ad alcune attivit\u00e0 di ComuniTeen, soprattutto con l'Alta Intensit\u00e0 educativa dentro il Centro di Quartiere di Mulinu Becciu gestito da Panta Rei Sardegna; parole di gratitudine che hanno emozionato i numerosi presenti.<\/p>\n\n\n\n<p>La chiusura \u00e8 stata affidata alla Coordinatrice generale e vicepresidente di Panta Rei Sardegna Marta Chessa, che ha sottolineato come questi importanti risultati (circa 600 ragazzi coinvolti in un anno) di solito vengono raggiunti con progetti di durata ben maggiore, e ha auspicato di poter proseguire in questo lavoro con i giovanissimi in modo da non \"congelare\" l'importante capitale umano, metodologico e di relazioni che si \u00e8 creato durante il Progetto ComuniTeen.&nbsp;<\/p>\n\n\n\n<p>I saluti finali del sindaco Paolo Truzzu, si sono incentrati su un incoraggiamento per i ragazzi a seguire i loro sogni e sull'apprezzamento per il lavoro dell'Amministrazione e sono stati accompagnati dalla consegna di un report finale dei giovani de La Carovana e dall'esibizione \"live\" della Canzone di ComuniTeen&nbsp;nata durante il laboratorio Il mio Canto libero. Com<\/p>\n","protected":false},"excerpt":{"rendered":"<p>Cagliari, 28 Ott 2023 &#8211; Il Progetto ComuniTeen del Comune di Cagliari, dedicato alla fascia d\u2019et\u00e0 14-19 anni, si \u00e8 articolato in molti diversi modi&#8230;<\/p>\n","protected":false},"author":2,"featured_media":241803,"comment_status":"closed","ping_status":"open","sticky":false,"template":"","format":"standard","meta":[],"categories":[49,52],"tags":[],"_links":{"self":[{"href":"https:\/\/www.cronacaonline.it\/index.php\/wp-json\/wp\/v2\/posts\/241802"}],"collection":[{"href":"https:\/\/www.cronacaonline.it\/index.php\/wp-json\/wp\/v2\/posts"}],"about":[{"href":"https:\/\/www.cronacaonline.it\/index.php\/wp-json\/wp\/v2\/types\/post"}],"author":[{"embeddable":true,"href":"https:\/\/www.cronacaonline.it\/index.php\/wp-json\/wp\/v2\/users\/2"}],"replies":[{"embeddable":true,"href":"https:\/\/www.cronacaonline.it\/index.php\/wp-json\/wp\/v2\/comments?post=241802"}],"version-history":[{"count":1,"href":"https:\/\/www.cronacaonline.it\/index.php\/wp-json\/wp\/v2\/posts\/241802\/revisions"}],"predecessor-version":[{"id":241804,"href":"https:\/\/www.cronacaonline.it\/index.php\/wp-json\/wp\/v2\/posts\/241802\/revisions\/241804"}],"wp:featuredmedia":[{"embeddable":true,"href":"https:\/\/www.cronacaonline.it\/index.php\/wp-json\/wp\/v2\/media\/241803"}],"wp:attachment":[{"href":"https:\/\/www.cronacaonline.it\/index.php\/wp-json\/wp\/v2\/media?parent=241802"}],"wp:term":[{"taxonomy":"category","embeddable":true,"href":"https:\/\/www.cronacaonline.it\/index.php\/wp-json\/wp\/v2\/categories?post=241802"},{"taxonomy":"post_tag","embeddable":true,"href":"https:\/\/www.cronacaonline.it\/index.php\/wp-json\/wp\/v2\/tags?post=241802"}],"curies":[{"name":"wp","href":"https:\/\/api.w.org\/{rel}","templated":true}]}}