{"id":241773,"date":"2023-10-27T18:10:00","date_gmt":"2023-10-27T16:10:00","guid":{"rendered":"https:\/\/www.cronacaonline.it\/?p=241773"},"modified":"2023-10-27T18:10:03","modified_gmt":"2023-10-27T16:10:03","slug":"medici-di-medicina-generale-lassessore-doria-presto-la-chiusura-del-nuovo-accordo-regionale-bassa-adesione-allo-sciopero-testimonia-la-fiducia-per-il-lavoro-che-stiamo-portando-av","status":"publish","type":"post","link":"https:\/\/www.cronacaonline.it\/index.php\/2023\/10\/27\/medici-di-medicina-generale-lassessore-doria-presto-la-chiusura-del-nuovo-accordo-regionale-bassa-adesione-allo-sciopero-testimonia-la-fiducia-per-il-lavoro-che-stiamo-portando-av\/","title":{"rendered":"Medici di medicina generale, l\u2019assessore Doria: \u201cpresto la chiusura del nuovo accordo regionale, bassa adesione allo sciopero testimonia la fiducia per il lavoro che stiamo portando avanti\u201d."},"content":{"rendered":"\n<p>Cagliari, 27 Ott 2023 - L\u2019assessore regionale della Sanit\u00e0, Carlo Doria ha riunito il tavolo di concertazione del nuovo Air, Accordo integrativo regionale, a cui partecipano le sigle sindacali dei medici di medicina generale. \u201cParliamo di un accordo importante - spiega l\u2019assessore Doria - fermo dal 2010, che dar\u00e0 risposte a molte delle giuste e condivise istanze dei medici. Per dare gambe agli istituti previsti nel nuovo accordo abbiamo stanziato 20 milioni di euro l\u2019anno, con una programmazione pluriennale e confido sulla possibilit\u00e0 che presto si possa arrivare alla chiusura di questo traguardo atteso da tempo\u201d.<\/p>\n\n\n\n<p>\u201cQuella dell\u2019Air, in ogni caso, non \u00e8 l\u2019unica azione che stiamo portando avanti - precisa l\u2019assessore Doria -. Abbiamo infatti incrementato le risorse per le sedi disagiate, per integrare i compensi di chi sceglie di prestare servizio nelle zone in cui si registrano le carenze pi\u00f9 elevate. Inoltre abbiamo richiesto a tutte le Asl l\u2019attivazione di un ufficio dedicato per la semplificazione amministrativa a supporto dei medici. Sempre in tema di semplificazione abbiamo approvato nella legge del collegato la cancellazione dell\u2019obbligo di certificazione per il rientro a scuola, mentre con le risorse del Pnrr stiamo potenziando gli strumenti tecnologici e la digitalizzazione del sistema regionale\u201d.<\/p>\n\n\n\n<p>L\u2019assessore Doria interviene inoltre sullo sciopero indetto da una delle sigle sindacali rappresentative dei medici di medicina generale in Sardegna: \u201cI dati delle Asl ci dicono di un\u2019adesione bassa, che interpreto come un segno di fiducia rispetto al lavoro che stiamo portando avanti. Una fiducia che intendo ripagare con risultati concreti a beneficio dei medici e dei pazienti. Sappiamo bene quali sono le difficolt\u00e0 oggi e le carenze nell\u2019assistenza primaria, ma non ci siamo mai girati dall\u2019altra parte\u201d.<\/p>\n\n\n\n<p>Secondo i dati riferiti dalle Asl, l\u2019adesione allo sciopero il 25 ottobre \u00e8 stata del 16,99% per i medici di famiglia e del 5,02% quella dei medici di continuit\u00e0 assistenziale. Pi\u00f9 nel dettaglio: nel territorio della Asl di Sassari su 193 medici di famiglia hanno aderito in 55 e per la continuit\u00e0 assistenziale su 133 le adesioni sono state due; Per l\u2019Asl Gallura i medici di famiglia che hanno aderito sono 36 (su 103) e due (su 72) tra quelli di continuit\u00e0 assistenziale; per la Asl di Nuoro 13 adesioni (su 75) tra i medici di famiglia 4 (su 74) per i medici di continuit\u00e0 assistenziale; per l\u2019Asl dell\u2019Ogliastra un\u2019adesione (su 35) tra i medici di famiglia e tre (su 34) tra i medici di continuit\u00e0 assistenziale; per l\u2019Asl di Oristano 6 adesioni (su 83) medici di famiglia e 4 (su 90) medici continuit\u00e0 assistenziale; per l\u2019Asl del Medio Campidano l\u2019adesione per i medici di famiglia \u00e8 stata di 18 (su 54) e per la continuit\u00e0 assistenziale di 4 (su 59); per l\u2019Asl 7 del Sulcis il dato \u00e8 di 2 adesioni (su 75) per i medici di famiglia e di 4 (su 96) medici di continuit\u00e0 assistenziale; per l\u2019Asl 8 di Cagliari 32 adesioni (su 341) medici di famiglia e 12 (su 159 medici di continuit\u00e0 assistenziale). Il dato del 26, non ancora definitivo ma mostra un quadro parziale sovrapponibile alla giornata precedente. Com<\/p>\n","protected":false},"excerpt":{"rendered":"<p>Cagliari, 27 Ott 2023 &#8211; L\u2019assessore regionale della Sanit\u00e0, Carlo Doria ha riunito il tavolo di concertazione del nuovo Air, Accordo integrativo regionale, a cui&#8230;<\/p>\n","protected":false},"author":2,"featured_media":239855,"comment_status":"closed","ping_status":"open","sticky":false,"template":"","format":"standard","meta":[],"categories":[49,52],"tags":[],"_links":{"self":[{"href":"https:\/\/www.cronacaonline.it\/index.php\/wp-json\/wp\/v2\/posts\/241773"}],"collection":[{"href":"https:\/\/www.cronacaonline.it\/index.php\/wp-json\/wp\/v2\/posts"}],"about":[{"href":"https:\/\/www.cronacaonline.it\/index.php\/wp-json\/wp\/v2\/types\/post"}],"author":[{"embeddable":true,"href":"https:\/\/www.cronacaonline.it\/index.php\/wp-json\/wp\/v2\/users\/2"}],"replies":[{"embeddable":true,"href":"https:\/\/www.cronacaonline.it\/index.php\/wp-json\/wp\/v2\/comments?post=241773"}],"version-history":[{"count":1,"href":"https:\/\/www.cronacaonline.it\/index.php\/wp-json\/wp\/v2\/posts\/241773\/revisions"}],"predecessor-version":[{"id":241774,"href":"https:\/\/www.cronacaonline.it\/index.php\/wp-json\/wp\/v2\/posts\/241773\/revisions\/241774"}],"wp:featuredmedia":[{"embeddable":true,"href":"https:\/\/www.cronacaonline.it\/index.php\/wp-json\/wp\/v2\/media\/239855"}],"wp:attachment":[{"href":"https:\/\/www.cronacaonline.it\/index.php\/wp-json\/wp\/v2\/media?parent=241773"}],"wp:term":[{"taxonomy":"category","embeddable":true,"href":"https:\/\/www.cronacaonline.it\/index.php\/wp-json\/wp\/v2\/categories?post=241773"},{"taxonomy":"post_tag","embeddable":true,"href":"https:\/\/www.cronacaonline.it\/index.php\/wp-json\/wp\/v2\/tags?post=241773"}],"curies":[{"name":"wp","href":"https:\/\/api.w.org\/{rel}","templated":true}]}}