{"id":241763,"date":"2023-10-27T13:06:49","date_gmt":"2023-10-27T11:06:49","guid":{"rendered":"https:\/\/www.cronacaonline.it\/?p=241763"},"modified":"2023-10-27T13:06:52","modified_gmt":"2023-10-27T11:06:52","slug":"celebrazioni-del-corpo-forestale-bilancio-positivo-nella-lotta-agli-incendi-lassessore-satta-attivita-indispensabile-dalla-regione-investite-risorse-importanti","status":"publish","type":"post","link":"https:\/\/www.cronacaonline.it\/index.php\/2023\/10\/27\/celebrazioni-del-corpo-forestale-bilancio-positivo-nella-lotta-agli-incendi-lassessore-satta-attivita-indispensabile-dalla-regione-investite-risorse-importanti\/","title":{"rendered":"Celebrazioni del corpo forestale, bilancio positivo nella lotta agli incendi. L\u2019assessore Satta: \u201cattivit\u00e0 indispensabile. Dalla regione investite risorse importanti\u201d."},"content":{"rendered":"\n<p>Lanusei, 27 Ott 2023 \u2013\u00a0\u201cIl Corpo Forestale e di Vigilanza ambientale \u00e8 fondamentale per la tutela del nostro territorio e siamo orgogliosi del prezioso lavoro svolto quotidianamente con dedizione dai circa mille e trecento uomini e donne oggi in servizio in tutta l\u2019Isola\u201d. Lo dichiara l\u2019assessore regionale dell\u2019Agricoltura, Valeria Satta, che oggi, in delega al Presidente della Regione, Christian Solinas, ha partecipato a Lanusei alle celebrazioni di San Giovanni Gualberto, patrono del Corpo Forestale e di Vigilanza Ambientale, alla presenza delle autorit\u00e0 civili, militari e religiose.<\/p>\n\n\n\n<p>\u201cLa Regione \u2013 prosegue l\u2019assessore Satta \u2013 investe e continuer\u00e0 a investire importanti risorse sul Corpo Forestale. Quest\u2019anno sono entrati in servizio diversi giovani ed \u00e8 importante proseguire con i concorsi e il reclutamento. Oggi l\u2019et\u00e0 media del personale in servizio \u00e8 alta ed \u00e8 grande l\u2019esigenza di nuove forze in campo per portare avanti quello che \u00e8 il compito eccellente svolto ogni giorno dal Corpo\u201d.<\/p>\n\n\n\n<p>Positivo il bilancio tratteggiato nel corso dell\u2019attivit\u00e0 del 2023, in particolare sul fronte della prevenzione incendi che quest\u2019anno hanno fatto registrare un 23% in meno e una riduzione delle porzioni di territorio percorsi dalle fiamme. Il periodo pi\u00f9 critico, sul fronte incendi, nella prima parte di agosto, dove il sistema regionale ha saputo comunque dare una risposta incisiva con lo spegnimento dei roghi nell\u2019arco di poche ore, anche in condizioni caratterizzate da alte temperature e forte vento. Le indagini svolte dal Corpo Forestale hanno portato all\u2019arresto di undici persone in tutta l\u2019Isola.<\/p>\n\n\n\n<p>In ambito della formazione quest\u2019anno, per la prima volta si \u00e8 svolto, a Pula, il corso dedicato agli agenti Forestali che ha portato all\u2019ingresso nel sistema regione di 77 nuove unit\u00e0.<\/p>\n","protected":false},"excerpt":{"rendered":"<p>Lanusei, 27 Ott 2023 \u2013\u00a0\u201cIl Corpo Forestale e di Vigilanza ambientale \u00e8 fondamentale per la tutela del nostro territorio e siamo orgogliosi del prezioso lavoro&#8230;<\/p>\n","protected":false},"author":2,"featured_media":241764,"comment_status":"closed","ping_status":"open","sticky":false,"template":"","format":"standard","meta":[],"categories":[49,52],"tags":[],"_links":{"self":[{"href":"https:\/\/www.cronacaonline.it\/index.php\/wp-json\/wp\/v2\/posts\/241763"}],"collection":[{"href":"https:\/\/www.cronacaonline.it\/index.php\/wp-json\/wp\/v2\/posts"}],"about":[{"href":"https:\/\/www.cronacaonline.it\/index.php\/wp-json\/wp\/v2\/types\/post"}],"author":[{"embeddable":true,"href":"https:\/\/www.cronacaonline.it\/index.php\/wp-json\/wp\/v2\/users\/2"}],"replies":[{"embeddable":true,"href":"https:\/\/www.cronacaonline.it\/index.php\/wp-json\/wp\/v2\/comments?post=241763"}],"version-history":[{"count":1,"href":"https:\/\/www.cronacaonline.it\/index.php\/wp-json\/wp\/v2\/posts\/241763\/revisions"}],"predecessor-version":[{"id":241765,"href":"https:\/\/www.cronacaonline.it\/index.php\/wp-json\/wp\/v2\/posts\/241763\/revisions\/241765"}],"wp:featuredmedia":[{"embeddable":true,"href":"https:\/\/www.cronacaonline.it\/index.php\/wp-json\/wp\/v2\/media\/241764"}],"wp:attachment":[{"href":"https:\/\/www.cronacaonline.it\/index.php\/wp-json\/wp\/v2\/media?parent=241763"}],"wp:term":[{"taxonomy":"category","embeddable":true,"href":"https:\/\/www.cronacaonline.it\/index.php\/wp-json\/wp\/v2\/categories?post=241763"},{"taxonomy":"post_tag","embeddable":true,"href":"https:\/\/www.cronacaonline.it\/index.php\/wp-json\/wp\/v2\/tags?post=241763"}],"curies":[{"name":"wp","href":"https:\/\/api.w.org\/{rel}","templated":true}]}}