{"id":241761,"date":"2023-10-27T12:57:25","date_gmt":"2023-10-27T10:57:25","guid":{"rendered":"https:\/\/www.cronacaonline.it\/?p=241761"},"modified":"2023-10-27T12:57:28","modified_gmt":"2023-10-27T10:57:28","slug":"riforma-del-trasporto-pubblico-locale-lassessore-moro-fronte-comune-con-aziende-sindacati-ed-enti-locali-per-approvare-una-norma-non-piu-rinviabile-essenziale-per-il-futuro-del-settore","status":"publish","type":"post","link":"https:\/\/www.cronacaonline.it\/index.php\/2023\/10\/27\/riforma-del-trasporto-pubblico-locale-lassessore-moro-fronte-comune-con-aziende-sindacati-ed-enti-locali-per-approvare-una-norma-non-piu-rinviabile-essenziale-per-il-futuro-del-settore\/","title":{"rendered":"Riforma del trasporto pubblico locale, l\u2019assessore Moro: fronte comune con aziende, sindacati ed enti locali per approvare una norma non pi\u00f9 rinviabile, essenziale per il futuro del settore."},"content":{"rendered":"\n<p>Cagliari, 27 Ott 2023 \u2013\u00a0\u201cDopo l\u2019approvazione in Giunta del disegno di legge con la riforma del trasporto pubblico locale, ora serve un fronte comune tra aziende, sindacati ed enti locali per rappresentare all\u2019Assemblea sarda l\u2019urgenza e la non rinviabilit\u00e0 di un provvedimento atteso da anni, essenziale per salvaguardare le aziende pubbliche e private dell\u2019Isola e il diritto alla mobilit\u00e0 dei sardi\u201d. Lo ha detto l\u2019assessore regionale dei Trasporti, Antonio Moro, intervenuto oggi a Cagliari alla tavola rotonda organizzata dalla Fit Cisl \u201cMettiamo in sicurezza il Tpl\u201d.<\/p>\n\n\n\n<p>\u201cBisogna accelerare \u2013 ha spiegato l\u2019esponente della Giunta sarda \u2013 perch\u00e9 questo ddl possa essere approvato entro il 31 dicembre. Una volta approvata la legge, abbiamo previsto un cronoprogramma di 36 mesi per garantire l\u2019implementazione e l\u2019efficacia delle norme contenute nel provvedimento\u201d.<\/p>\n\n\n\n<p>Il disegno di legge approvato istituisce un bacino unico di mobilit\u00e0 governato da un ente partecipato da Regione, Province, Citt\u00e0 metropolitane, dai Comuni capoluogo di Provincia, dai Comuni citt\u00e0 medie e dalle Unioni di comuni. Ricadono nel bacino unico e di competenza dell\u2019ente di governo i servizi di trasporto pubblico locale su gomma che si svolgono nel territorio regionale. I servizi ferroviari e metrotranviari rimarranno di competenza regionale. Com<\/p>\n","protected":false},"excerpt":{"rendered":"<p>Cagliari, 27 Ott 2023 \u2013\u00a0\u201cDopo l\u2019approvazione in Giunta del disegno di legge con la riforma del trasporto pubblico locale, ora serve un fronte comune tra&#8230;<\/p>\n","protected":false},"author":2,"featured_media":240994,"comment_status":"closed","ping_status":"open","sticky":false,"template":"","format":"standard","meta":[],"categories":[49,52],"tags":[],"_links":{"self":[{"href":"https:\/\/www.cronacaonline.it\/index.php\/wp-json\/wp\/v2\/posts\/241761"}],"collection":[{"href":"https:\/\/www.cronacaonline.it\/index.php\/wp-json\/wp\/v2\/posts"}],"about":[{"href":"https:\/\/www.cronacaonline.it\/index.php\/wp-json\/wp\/v2\/types\/post"}],"author":[{"embeddable":true,"href":"https:\/\/www.cronacaonline.it\/index.php\/wp-json\/wp\/v2\/users\/2"}],"replies":[{"embeddable":true,"href":"https:\/\/www.cronacaonline.it\/index.php\/wp-json\/wp\/v2\/comments?post=241761"}],"version-history":[{"count":1,"href":"https:\/\/www.cronacaonline.it\/index.php\/wp-json\/wp\/v2\/posts\/241761\/revisions"}],"predecessor-version":[{"id":241762,"href":"https:\/\/www.cronacaonline.it\/index.php\/wp-json\/wp\/v2\/posts\/241761\/revisions\/241762"}],"wp:featuredmedia":[{"embeddable":true,"href":"https:\/\/www.cronacaonline.it\/index.php\/wp-json\/wp\/v2\/media\/240994"}],"wp:attachment":[{"href":"https:\/\/www.cronacaonline.it\/index.php\/wp-json\/wp\/v2\/media?parent=241761"}],"wp:term":[{"taxonomy":"category","embeddable":true,"href":"https:\/\/www.cronacaonline.it\/index.php\/wp-json\/wp\/v2\/categories?post=241761"},{"taxonomy":"post_tag","embeddable":true,"href":"https:\/\/www.cronacaonline.it\/index.php\/wp-json\/wp\/v2\/tags?post=241761"}],"curies":[{"name":"wp","href":"https:\/\/api.w.org\/{rel}","templated":true}]}}