{"id":241755,"date":"2023-10-27T11:51:10","date_gmt":"2023-10-27T09:51:10","guid":{"rendered":"https:\/\/www.cronacaonline.it\/?p=241755"},"modified":"2023-10-27T11:51:14","modified_gmt":"2023-10-27T09:51:14","slug":"nuovo-progetto-di-ricostruzione-della-scuola-dellinfanzia-ss-giorgio-e-caterina-nel-colle-di-monte-urpinu","status":"publish","type":"post","link":"https:\/\/www.cronacaonline.it\/index.php\/2023\/10\/27\/nuovo-progetto-di-ricostruzione-della-scuola-dellinfanzia-ss-giorgio-e-caterina-nel-colle-di-monte-urpinu\/","title":{"rendered":"Nuovo progetto di ricostruzione della Scuola dell&#8217;Infanzia \u201cSS. Giorgio e Caterina\u201d nel Colle di Monte Urpinu."},"content":{"rendered":"\n<p>Cagliari, 27 Ott 2023 - Al Colle di Monte Urpinu a Cagliari, un ambizioso progetto di ricostruzione sta prendendo forma per la Scuola dell'Infanzia \u201cSS. Giorgio e Caterina\u201d. Questo intervento \u00e8 destinato a trasformare l'educazione prescolare in un \u201cambiente pi\u00f9 moderno, sicuro, efficiente e sostenibile\u201d, ha annunciato il sindaco Paolo Truzzu, per offrire ai giovanissimi studenti, alle loro famiglie e al personale una struttura all'altezza delle esigenze del XXI secolo.<\/p>\n\n\n\n<p>La Scuola dell'Infanzia \u201cSS. Giorgio e Caterina\u201d \u00e8 una istituzione educativa importante per la comunit\u00e0 locale, che ha servito le famiglie del quartiere per molti anni. Tuttavia, con il passare del tempo, la struttura esistente ha mostrato segni di invecchiamento e necessit\u00e0 di essere ricostruita.<\/p>\n\n\n\n<p>Nato dall\u2019esigenza di sostituire un edificio con gravi e importanti problemi statici che ne hanno determinato la chiusura gi\u00e0 nel 2015 e che, in virt\u00f9 dell\u2019epoca di costruzione risalente a circa 70 anni fa, presentava caratteristiche di funzionalit\u00e0, distributive e di efficienza energetica non pi\u00f9 compatibili con l\u2019uso previsto, il piano di ricostruzione prevede una struttura all'avanguardia, in grado di offrire spazi educativi pi\u00f9 funzionali e accoglienti. I progettisti si sono concentrati su aspetti come la sicurezza, l'accessibilit\u00e0, l'efficienza energetica e la sostenibilit\u00e0 ambientale.<\/p>\n\n\n\n<p>E cos\u00ec, dopo 8 anni \u201cle classi ora ospitate nella Scuola di via Zefiro potranno fare ritorno in via Pietro Leo\u201d, ha rimarcato il sindaco Paolo Truzzu incontrando questa mattina di venerd\u00ec 27 ottobre 2023 i giornalisti a Palazzo Bacaredda, con lo sguardo rivolto a giugno 2024, data in cui i progettisti hanno previsto la fine dei lavori.<\/p>\n\n\n\n<p>Nell\u2019ambito del Pon Citt\u00e0 Metropolitane 2014-2020, approvato dalla Commissione Europea con cui l'Amministrazione comunale ha ottenuto un finanziamento di 3.000.000 di euro nell\u2019area di intervento n. 4 \"Cultura, salute e benessere\", la nuova struttura sar\u00e0 pertanto conforme agli standard pi\u00f9 recenti in termini di costruzione e design.<\/p>\n\n\n\n<p>Considerata l'importanza dell'area di particolare pregio paesaggistico-ambientale e contemperando le esigenze legate al rispetto delle diverse norme in materia urbanistica, che di edilizia scolastica, il nuovo edificio accoglier\u00e0 72 bambine e bambini su 3 sezioni distribuite su un unico livello abitabile, in modo da ridurre l'impatto altimetrico di almeno 3 metri rispetto alla vecchia scuola. La superficie coperta sar\u00e0 di circa 600 metri quadrati, nei limiti definiti dal Piano urbanistico comunale (Puc), con una volumetria di progetto di quasi 2.399 metri cubi, pressappoco pari a quella dello stato attuale. Inoltre, sar\u00e0 dotato di grandi aperture vetrate per mettere a contatto diretto gli spazi dell\u2019apprendimento interni e lo spazio esterno, contribuendo al benessere psico-fisico dei giovani studenti, che potranno fruire anche del portico, del pergolato e del patio, hanno spiegato Giovanni Masala che cura la direzione dei lavori, e Roberto Mureddu, responsabile di fase dell'intervento. Con loro anche il dirigente del Servizio Lavori pubblici, Paolo Pani.<\/p>\n\n\n\n<p>Dal punto di vista costruttivo la nuova scuola di via Pietro Leo si caratterizza per essere costituita da un basamento in calcestruzzo su cui verr\u00e0 realizzato l\u2019edificio scolastico vero e proprio, con pareti e solai in legno realizzati con tecnologia cosiddetta \u201ca secco\u201d. Per la prima volta adottata in una scuola nel Comune di Cagliari, rispetta i canoni dell'edilizia sostenibile e permette la realizzazione dell'edificio in tempi rapidi.<\/p>\n\n\n\n<p>Gli ambienti interni si distribuiscono a partire dal nucleo centrale dell\u2019ingresso, preceduto da un ampio portico, che contiene anche un\u2019ampia sala per le attivit\u00e0 libere. Da questo spazio di connessione centrale si raggiungono i 3 blocchi funzionali delle sezioni, il blocco della mensa e, infine, quello degli insegnanti. Le sezioni sono disposte sul fronte retro e sono composte ciascuna da uno spogliatoio con ingresso all\u2019aula e da un ampio spazio da destinare in modo flessibile alle attivit\u00e0 ordinate a tavolino e speciali. Ciascuna sezione ha servizi igienici con bagno per disabile e deposito per il materiale didattico.<\/p>\n\n\n\n<p>Completeranno l'opera un impianto fotovoltaico di circa 35 kw di potenza, che fornir\u00e0 all'edificio il 98% dell'energia necessaria per il suo funzionamento, il sistema di recupero delle acque meteoriche, che potranno essere riutilizzate per l'irrigazione e per gli scarichi dei servizi igienici, illuminazione LED a basso consumo e l'impianto di riscaldamento a pavimento radiante, la cui produzione d\u2019energia termica \u00e8 affidata al funzionamento di una pompa di calore. La scuola sar\u00e0 inoltre dotata di impianto VMC di trattamento e rinnovo dell'aria ad alta efficienza, \u201cmemori dell'esperienza Covid-19\u201d, ha puntualizzato il primo cittadino.<\/p>\n\n\n\n<p>Per l'assessora ai Lavori pubblici quello di via Pietro Leo \u00e8 un \u201cintervento risolutivo che mette in campo moderne tecnologie costruttive\u201d. Partito all'inizio del trascorso mese di giugno, il cantiere sta procedendo spedito e la demolizione del vecchio edificio \u00e8 praticamente conclusa.<\/p>\n\n\n\n<p>Cos\u00ec anche l'assessora all'Istruzione, Marina Adamo, che ha parlato di 4 asset guida del progetto: \u201csicurezza, inclusivit\u00e0, sostenibilit\u00e0 e innovazione\u201d, in modo \u201cfar diventare la scuola sempre pi\u00f9 luogo di apprendimento sin dall'infanzia e non pi\u00f9 solo luogo fisico\u201d.<\/p>\n\n\n\n<p>Il nuovo progetto di ricostruzione rappresenta dunque un \u201cimportante passo avanti nella modernizzazione delle strutture educative di Cagliari\u201d e \u201crientra pienamente nell'indirizzo espresso dal Consiglio comunale per dare maggiore offrire maggiore benessere ai luoghi dell'istruzione\u201d, ha ricordato Umberto Ticca, presidente della Commissione Lavori pubblici. Fornir\u00e0 un ambiente educativo pi\u00f9 adeguato e confortevole per i giovani studenti, oltre a sostenere la comunit\u00e0 locale.<\/p>\n\n\n\n<p>La Scuola dell'Infanzia \"SS. Giorgio e Caterina\" \u00e8 pronta a ricevere un rinnovamento che migliorer\u00e0 l'esperienza di apprendimento dei bambini e il benessere di tutti coloro che lavorano all'interno di questa istituzione chiave nella comunit\u00e0. \u201cAspettare ne \u00e8 valsa la pena\u201d, ha detto la dirigente scolastica Alessandra Cocco. Com<\/p>\n","protected":false},"excerpt":{"rendered":"<p>Cagliari, 27 Ott 2023 &#8211; Al Colle di Monte Urpinu a Cagliari, un ambizioso progetto di ricostruzione sta prendendo forma per la Scuola dell&#8217;Infanzia \u201cSS.&#8230;<\/p>\n","protected":false},"author":2,"featured_media":203443,"comment_status":"closed","ping_status":"open","sticky":false,"template":"","format":"standard","meta":[],"categories":[49,52],"tags":[],"_links":{"self":[{"href":"https:\/\/www.cronacaonline.it\/index.php\/wp-json\/wp\/v2\/posts\/241755"}],"collection":[{"href":"https:\/\/www.cronacaonline.it\/index.php\/wp-json\/wp\/v2\/posts"}],"about":[{"href":"https:\/\/www.cronacaonline.it\/index.php\/wp-json\/wp\/v2\/types\/post"}],"author":[{"embeddable":true,"href":"https:\/\/www.cronacaonline.it\/index.php\/wp-json\/wp\/v2\/users\/2"}],"replies":[{"embeddable":true,"href":"https:\/\/www.cronacaonline.it\/index.php\/wp-json\/wp\/v2\/comments?post=241755"}],"version-history":[{"count":1,"href":"https:\/\/www.cronacaonline.it\/index.php\/wp-json\/wp\/v2\/posts\/241755\/revisions"}],"predecessor-version":[{"id":241756,"href":"https:\/\/www.cronacaonline.it\/index.php\/wp-json\/wp\/v2\/posts\/241755\/revisions\/241756"}],"wp:featuredmedia":[{"embeddable":true,"href":"https:\/\/www.cronacaonline.it\/index.php\/wp-json\/wp\/v2\/media\/203443"}],"wp:attachment":[{"href":"https:\/\/www.cronacaonline.it\/index.php\/wp-json\/wp\/v2\/media?parent=241755"}],"wp:term":[{"taxonomy":"category","embeddable":true,"href":"https:\/\/www.cronacaonline.it\/index.php\/wp-json\/wp\/v2\/categories?post=241755"},{"taxonomy":"post_tag","embeddable":true,"href":"https:\/\/www.cronacaonline.it\/index.php\/wp-json\/wp\/v2\/tags?post=241755"}],"curies":[{"name":"wp","href":"https:\/\/api.w.org\/{rel}","templated":true}]}}